{"id":72226,"date":"2025-05-28T09:01:00","date_gmt":"2025-05-28T12:01:00","guid":{"rendered":"https:\/\/www.portalalerta.com.br\/?p=72226"},"modified":"2025-05-28T05:46:47","modified_gmt":"2025-05-28T08:46:47","slug":"cbf-encurta-campeonatos-estaduais-em-2026-veja-o-que-muda","status":"publish","type":"post","link":"https:\/\/www.portalalerta.com.br\/index.php\/2025\/05\/28\/cbf-encurta-campeonatos-estaduais-em-2026-veja-o-que-muda\/","title":{"rendered":"CBF encurta campeonatos estaduais em 2026; veja o que muda"},"content":{"rendered":"\n<p>Gest\u00e3o de Samir Xaud promete mudan\u00e7as em tema bastante debatido nos \u00faltimos anos<\/p>\n\n\n\n<!--more-->\n\n\n\n<p>Os Campeonatos Estaduais ter\u00e3o redu\u00e7\u00e3o importante no n\u00famero de datas. A partir de 2026, as competi\u00e7\u00f5es ter\u00e3o apenas 11 per\u00edodos dedicados \u00e0 sua disputa, ao contr\u00e1rios dos 16 realizados neste ano.<\/p>\n\n\n\n<p>A decis\u00e3o recebeu apoio interno, mas tamb\u00e9m foi recebida com&nbsp;<a href=\"https:\/\/www.cnnbrasil.com.br\/esportes\/futebol\/selecao-brasileira\/cbf-conheca-os-vice-presidentes-eleitos-na-chapa-de-samir-xaud\/\" target=\"_blank\" rel=\"noreferrer noopener\">certa resist\u00eancia por parte de algumas federa\u00e7\u00f5es<\/a>, especialmente a Paulista. A FPF \u00e9 a uma das mais afetadas pela mudan\u00e7a, que todas precisar\u00e3o se adequar.<\/p>\n\n\n\n<p>Samir Xaud, novo presidente da CBF, debateu o novo momento dos Estaduais com aliados e clubes que pediram mudan\u00e7as nos primeiros dias de sua gest\u00e3o. Botafogo, Flamengo, Fluminense e Palmeiras,&nbsp;<a href=\"https:\/\/www.cnnbrasil.com.br\/esportes\/futebol\/selecao-brasileira\/conheca-samir-xaud-novo-presidente-da-cbf\/\" target=\"_blank\" rel=\"noreferrer noopener\">clubes que est\u00e3o no Mundial de Clubes<\/a>, est\u00e3o entre os &#8220;contemplados&#8221;.<\/p>\n\n\n\n<p>As federa\u00e7\u00f5es ainda precisar\u00e3o se adaptar ao &#8220;novo normal&#8221;, ainda que restem alguns detalhes a serem acertados. Inicialmente, apenas os clubes da S\u00e9rie A participariam da mudan\u00e7a, mas, internamente, j\u00e1 existem conversas para estender aos da segunda divis\u00e3o, segundo apurou o&nbsp;CNN Esportes.<\/p>\n\n\n\n<p>Em 2025, a CBF separou 16 datas para os Estaduais, mas alguns chegaram a extrapolar a meta. Ao todo, 20 competi\u00e7\u00f5es regionais precisar\u00e3o diminuir o n\u00famero de per\u00edodos, enquanto tr\u00eas est\u00e3o na risca (Tocantinense, Amapaense e Alagoano) e quatro apresentam menos que a nova mudan\u00e7a (Cearense, Roraimense, Acreano e Amazonense).<\/p>\n\n\n\n<p>Se&nbsp;<a href=\"https:\/\/www.cnnbrasil.com.br\/esportes\/futebol\/selecao-brasileira\/samir-xaud-e-eleito-novo-presidente-da-cbf\/\" target=\"_blank\" rel=\"noreferrer noopener\">Samir Xaud queria dar o tom de mudan\u00e7a<\/a>&nbsp;em seus primeiros dias na CBF, conseguiu.<\/p>\n\n\n\n<p><strong>Veja os Estaduais que tiveram mais de 11 datas em 2025<\/strong><\/p>\n\n\n\n<ul class=\"wp-block-list\">\n<li>Maranhense: 18<\/li>\n\n\n\n<li>Goiano: 17<\/li>\n\n\n\n<li>Paranaense: 17<\/li>\n\n\n\n<li>Paulista: 16<\/li>\n\n\n\n<li>Rondoniense: 16<\/li>\n\n\n\n<li>Carioca: 15<\/li>\n\n\n\n<li>Catarinense: 15<\/li>\n\n\n\n<li>Capixaba: 15<\/li>\n\n\n\n<li>Sul-Mato-Grossense: 15<\/li>\n\n\n\n<li>Pernambucano: 14<\/li>\n\n\n\n<li>Mato-Grossense: 14<\/li>\n\n\n\n<li>Baiano: 13<\/li>\n\n\n\n<li>Sergipano: 13<\/li>\n\n\n\n<li>Paraibano: 13<\/li>\n\n\n\n<li>Potiguar: 13<\/li>\n\n\n\n<li>Mineiro: 12<\/li>\n\n\n\n<li>Ga\u00facho: 12<\/li>\n\n\n\n<li>Paraense: 12<\/li>\n\n\n\n<li>Brasiliense: 12<\/li>\n\n\n\n<li>Piauiense: 12<\/li>\n<\/ul>\n\n\n\n<p>Fonte: CNN Brasil<\/p>\n","protected":false},"excerpt":{"rendered":"<p>Gest\u00e3o de Samir Xaud promete mudan\u00e7as em tema bastante debatido nos \u00faltimos anos<\/p>\n","protected":false},"author":2,"featured_media":72221,"comment_status":"open","ping_status":"open","sticky":false,"template":"","format":"standard","meta":{"om_disable_all_campaigns":false,"_monsterinsights_skip_tracking":false,"_monsterinsights_sitenote_active":false,"_monsterinsights_sitenote_note":"","_monsterinsights_sitenote_category":0,"footnotes":""},"categories":[34,70,2,69],"tags":[100,71,48,764,75,4178,4180,96,129,107,97,4181,132,230,106,203,120,51,109,88,47,8025,111,190],"class_list":["post-72226","post","type-post","status-publish","format-standard","has-post-thumbnail","hentry","category-brasil","category-destaques","category-esportes","category-noticias2","tag-adustina","tag-antas","tag-araci","tag-cbf","tag-cicero-dantas","tag-cipo-2","tag-crisopolis-2","tag-esporte","tag-euclides-da-cunha","tag-fatima","tag-futebol","tag-heliopolis-2","tag-itapicuru","tag-jeremoabo","tag-nova-soure","tag-novo-triunfo","tag-olindina","tag-paripiranga","tag-quijingue","tag-ribeira-do-amparo","tag-ribeira-do-pombal","tag-samir-xaud","tag-sitio-do-quinto","tag-tucano"],"aioseo_notices":[],"_links":{"self":[{"href":"https:\/\/www.portalalerta.com.br\/index.php\/wp-json\/wp\/v2\/posts\/72226","targetHints":{"allow":["GET"]}}],"collection":[{"href":"https:\/\/www.portalalerta.com.br\/index.php\/wp-json\/wp\/v2\/posts"}],"about":[{"href":"https:\/\/www.portalalerta.com.br\/index.php\/wp-json\/wp\/v2\/types\/post"}],"author":[{"embeddable":true,"href":"https:\/\/www.portalalerta.com.br\/index.php\/wp-json\/wp\/v2\/users\/2"}],"replies":[{"embeddable":true,"href":"https:\/\/www.portalalerta.com.br\/index.php\/wp-json\/wp\/v2\/comments?post=72226"}],"version-history":[{"count":1,"href":"https:\/\/www.portalalerta.com.br\/index.php\/wp-json\/wp\/v2\/posts\/72226\/revisions"}],"predecessor-version":[{"id":72227,"href":"https:\/\/www.portalalerta.com.br\/index.php\/wp-json\/wp\/v2\/posts\/72226\/revisions\/72227"}],"wp:featuredmedia":[{"embeddable":true,"href":"https:\/\/www.portalalerta.com.br\/index.php\/wp-json\/wp\/v2\/media\/72221"}],"wp:attachment":[{"href":"https:\/\/www.portalalerta.com.br\/index.php\/wp-json\/wp\/v2\/media?parent=72226"}],"wp:term":[{"taxonomy":"category","embeddable":true,"href":"https:\/\/www.portalalerta.com.br\/index.php\/wp-json\/wp\/v2\/categories?post=72226"},{"taxonomy":"post_tag","embeddable":true,"href":"https:\/\/www.portalalerta.com.br\/index.php\/wp-json\/wp\/v2\/tags?post=72226"}],"curies":[{"name":"wp","href":"https:\/\/api.w.org\/{rel}","templated":true}]}}