{"id":72230,"date":"2025-05-28T09:03:00","date_gmt":"2025-05-28T12:03:00","guid":{"rendered":"https:\/\/www.portalalerta.com.br\/?p=72230"},"modified":"2025-05-28T05:51:45","modified_gmt":"2025-05-28T08:51:45","slug":"todos-os-descontos-indevidos-do-inss-serao-pagos-em-2025-diz-governo","status":"publish","type":"post","link":"https:\/\/www.portalalerta.com.br\/index.php\/2025\/05\/28\/todos-os-descontos-indevidos-do-inss-serao-pagos-em-2025-diz-governo\/","title":{"rendered":"Todos os descontos indevidos do INSS ser\u00e3o pagos em 2025, diz governo"},"content":{"rendered":"\n<p><strong>M\u00e9todo que ser\u00e1 adotado para efetuar ressarcimento, no entanto, ainda \u00e9 ponto que ainda gera diverg\u00eancias dentro do governo<\/strong><\/p>\n\n\n\n<!--more-->\n\n\n<div class=\"wp-block-image\">\n<figure class=\"alignleft size-large is-resized\"><img fetchpriority=\"high\" decoding=\"async\" src=\"https:\/\/www.portalalerta.com.br\/wp-content\/uploads\/2024\/04\/autoescola-emprego-1024x1024.jpg\" alt=\"\" class=\"wp-image-55693\" width=\"435\" height=\"435\" srcset=\"https:\/\/www.portalalerta.com.br\/wp-content\/uploads\/2024\/04\/autoescola-emprego-1024x1024.jpg 1024w, https:\/\/www.portalalerta.com.br\/wp-content\/uploads\/2024\/04\/autoescola-emprego-240x240.jpg 240w, https:\/\/www.portalalerta.com.br\/wp-content\/uploads\/2024\/04\/autoescola-emprego-768x768.jpg 768w, https:\/\/www.portalalerta.com.br\/wp-content\/uploads\/2024\/04\/autoescola-emprego.jpg 1080w\" sizes=\"(max-width: 435px) 100vw, 435px\" \/><\/figure><\/div>\n\n\n<p><strong>Pr\u00e9dio do Instituto Nacional do Seguro Social (INSS) em Bras\u00edlia&nbsp; \u2022&nbsp;Reprodu\u00e7\u00e3o\/CNN<\/strong><\/p>\n\n\n\n<p><strong>O presidente do Instituto Nacional do Seguro Social (INSS), Gilberto Waller, afirmou nesta ter\u00e7a-feira (27) que todos os&nbsp;aposentados e pensionistas&nbsp;que sofreram&nbsp;descontos indevidos&nbsp;ser\u00e3o ressarcidos ainda esse ano.<\/strong><\/p>\n\n\n\n<p><strong>\u201cCom certeza, at\u00e9 31 de dezembro, todo mundo que foi lesado, ser\u00e1 ressarcido\u201d, disse&nbsp;Waller.<\/strong><\/p>\n\n\n\n<p><strong>As declara\u00e7\u00f5es foram dadas durante reuni\u00e3o do&nbsp;Conselho Nacional da Previd\u00eancia Social (CNPS).<\/strong><\/p>\n\n\n\n<p><strong>O m\u00e9todo adotado para efetuar o ressarcimento, no entanto, ainda \u00e9 um ponto que ainda gera diverg\u00eancias dentro do governo.<\/strong><\/p>\n\n\n\n<p><strong>N\u00e3o est\u00e1 claro, por exemplo, se ser\u00e1 necess\u00e1ria a abertura de cr\u00e9dito extraordin\u00e1rio, uso de recursos do Tesouro, ou se os valores bloqueados de sindicatos e associa\u00e7\u00f5es envolvidos ser\u00e3o suficientes para cobrir os preju\u00edzos.<\/strong><\/p>\n\n\n\n<p><strong>O pr\u00f3prio&nbsp;ministro da Previd\u00eancia, Wolney Queiroz, afirma que o governo ainda n\u00e3o se decidiu sobre esse assunto.<\/strong><\/p>\n\n\n\n<p><strong>\u201cEsse ressarcimento \u00e9 uma coisa que tem que ser muito bem cal\u00e7ada, a AGU [Advocacia-Geral da Uni\u00e3o] est\u00e1 atuando nisso. Temos certeza de que vai ser criado um arcabou\u00e7o jur\u00eddico que possa garantir ao governo fazer o pagamento sem sofrer penalidades\u201d, afirmou nesta ter\u00e7a-feira.<\/strong><\/p>\n\n\n\n<p><em>Fonte: CNN Brasil<\/em><\/p>\n","protected":false},"excerpt":{"rendered":"<p>M\u00e9todo que ser\u00e1 adotado para efetuar ressarcimento, no entanto, ainda \u00e9 ponto que ainda gera diverg\u00eancias dentro do governo<\/p>\n","protected":false},"author":2,"featured_media":39264,"comment_status":"open","ping_status":"open","sticky":false,"template":"","format":"standard","meta":{"om_disable_all_campaigns":false,"_monsterinsights_skip_tracking":false,"_monsterinsights_sitenote_active":false,"_monsterinsights_sitenote_note":"","_monsterinsights_sitenote_category":0,"footnotes":""},"categories":[34,70,69],"tags":[100,71,48,93,75,4178,4180,7633,129,107,249,4181,1963,132,230,106,203,120,51,109,88,47,111,190],"class_list":["post-72230","post","type-post","status-publish","format-standard","has-post-thumbnail","hentry","category-brasil","category-destaques","category-noticias2","tag-adustina","tag-antas","tag-araci","tag-brasil","tag-cicero-dantas","tag-cipo-2","tag-crisopolis-2","tag-devolucao","tag-euclides-da-cunha","tag-fatima","tag-governo-federal","tag-heliopolis-2","tag-inss","tag-itapicuru","tag-jeremoabo","tag-nova-soure","tag-novo-triunfo","tag-olindina","tag-paripiranga","tag-quijingue","tag-ribeira-do-amparo","tag-ribeira-do-pombal","tag-sitio-do-quinto","tag-tucano"],"aioseo_notices":[],"_links":{"self":[{"href":"https:\/\/www.portalalerta.com.br\/index.php\/wp-json\/wp\/v2\/posts\/72230","targetHints":{"allow":["GET"]}}],"collection":[{"href":"https:\/\/www.portalalerta.com.br\/index.php\/wp-json\/wp\/v2\/posts"}],"about":[{"href":"https:\/\/www.portalalerta.com.br\/index.php\/wp-json\/wp\/v2\/types\/post"}],"author":[{"embeddable":true,"href":"https:\/\/www.portalalerta.com.br\/index.php\/wp-json\/wp\/v2\/users\/2"}],"replies":[{"embeddable":true,"href":"https:\/\/www.portalalerta.com.br\/index.php\/wp-json\/wp\/v2\/comments?post=72230"}],"version-history":[{"count":1,"href":"https:\/\/www.portalalerta.com.br\/index.php\/wp-json\/wp\/v2\/posts\/72230\/revisions"}],"predecessor-version":[{"id":72231,"href":"https:\/\/www.portalalerta.com.br\/index.php\/wp-json\/wp\/v2\/posts\/72230\/revisions\/72231"}],"wp:featuredmedia":[{"embeddable":true,"href":"https:\/\/www.portalalerta.com.br\/index.php\/wp-json\/wp\/v2\/media\/39264"}],"wp:attachment":[{"href":"https:\/\/www.portalalerta.com.br\/index.php\/wp-json\/wp\/v2\/media?parent=72230"}],"wp:term":[{"taxonomy":"category","embeddable":true,"href":"https:\/\/www.portalalerta.com.br\/index.php\/wp-json\/wp\/v2\/categories?post=72230"},{"taxonomy":"post_tag","embeddable":true,"href":"https:\/\/www.portalalerta.com.br\/index.php\/wp-json\/wp\/v2\/tags?post=72230"}],"curies":[{"name":"wp","href":"https:\/\/api.w.org\/{rel}","templated":true}]}}