{"id":72235,"date":"2025-05-28T16:00:00","date_gmt":"2025-05-28T19:00:00","guid":{"rendered":"https:\/\/www.portalalerta.com.br\/?p=72235"},"modified":"2025-05-28T13:25:55","modified_gmt":"2025-05-28T16:25:55","slug":"netanyahu-diz-que-chefe-do-hamas-em-gaza-foi-morto","status":"publish","type":"post","link":"https:\/\/www.portalalerta.com.br\/index.php\/2025\/05\/28\/netanyahu-diz-que-chefe-do-hamas-em-gaza-foi-morto\/","title":{"rendered":"Netanyahu diz que chefe do Hamas em Gaza foi morto"},"content":{"rendered":"\n<p>Mohammad Sinwar era irm\u00e3o mais novo do l\u00edder anterior do grupo, Yahya Sinwar, tamb\u00e9m assassinado<\/p>\n\n\n\n<!--more-->\n\n\n<div class=\"wp-block-image\">\n<figure class=\"alignleft size-large is-resized\"><img fetchpriority=\"high\" decoding=\"async\" src=\"https:\/\/www.portalalerta.com.br\/wp-content\/uploads\/2025\/05\/Real-dia-das-maes-2025-819x1024.jpeg\" alt=\"\" class=\"wp-image-71620\" width=\"402\" height=\"502\" srcset=\"https:\/\/www.portalalerta.com.br\/wp-content\/uploads\/2025\/05\/Real-dia-das-maes-2025-819x1024.jpeg 819w, https:\/\/www.portalalerta.com.br\/wp-content\/uploads\/2025\/05\/Real-dia-das-maes-2025-192x240.jpeg 192w, https:\/\/www.portalalerta.com.br\/wp-content\/uploads\/2025\/05\/Real-dia-das-maes-2025-768x960.jpeg 768w, https:\/\/www.portalalerta.com.br\/wp-content\/uploads\/2025\/05\/Real-dia-das-maes-2025.jpeg 1024w\" sizes=\"(max-width: 402px) 100vw, 402px\" \/><\/figure><\/div>\n\n\n<p>O primeiro-ministro israelense, Benjamin Netanyahu, declarou na quarta-feira (28) que o chefe do Hamas na Faixa de Gaza, Mohammad Sinwar, foi morto. Irm\u00e3o mais novo do l\u00edder anterior do grupo, Yahya Sinwar, tamb\u00e9m assassinado, ele era um dos mais procurados.<\/p>\n\n\n\n<p>No \u00faltimo dia 21 de maio, o premi\u00ea havia dito que \u201cprovavelmente\u201d havia matado Sinwar, ap\u00f3s uma s\u00e9rie massiva de&nbsp;<a href=\"https:\/\/www.cnnbrasil.com.br\/internacional\/video-mostra-explosao-perto-de-hospital-em-gaza-apos-bombardeio-de-israel\/\" target=\"_blank\" rel=\"noreferrer noopener\">ataques contra o hospital europeu em Khan Younis<\/a>.<\/p>\n\n\n\n<p>A ofensiva matou 28 palestinos e feriu mais de 50, informou o Minist\u00e9rio da Sa\u00fade ap\u00f3s o ataque.<\/p>\n\n\n\n<p>O assassinato representa um duro golpe para os altos escal\u00f5es do grupo, mas que ainda n\u00e3o quebrou seu controle sobre o poder.<\/p>\n\n\n\n<p>Sinwar \u00e9 irm\u00e3o do ex-l\u00edder&nbsp;<a href=\"https:\/\/www.cnnbrasil.com.br\/internacional\/yahya-sinwar-lider-do-hamas-foi-morto-em-rafah-diz-israel-tanque-participou-da-acao\/#:~:text=Yahya%20Sinwar%2C%20l%C3%ADder%20m%C3%A1ximo%20do,porta%2Dvoz%20do%20Ex%C3%A9rcito%20israelense.\" target=\"_blank\" rel=\"noreferrer noopener\">Yahya Sinwar, que foi morto pelos militares israelenses no sul de Gaza em outubro<\/a>.<\/p>\n\n\n\n<p><em>Fonte: CNN<\/em><\/p>\n","protected":false},"excerpt":{"rendered":"<p>Mohammad Sinwar era irm\u00e3o mais novo do l\u00edder anterior do grupo, Yahya Sinwar, tamb\u00e9m assassinado<\/p>\n","protected":false},"author":2,"featured_media":72233,"comment_status":"open","ping_status":"open","sticky":false,"template":"","format":"standard","meta":{"om_disable_all_campaigns":false,"_monsterinsights_skip_tracking":false,"_monsterinsights_sitenote_active":false,"_monsterinsights_sitenote_note":"","_monsterinsights_sitenote_category":0,"footnotes":""},"categories":[70,35,69],"tags":[100,71,48,75,4178,4180,129,107,2517,4181,858,132,230,8026,339,106,203,120,51,109,88,47,111,190],"class_list":["post-72235","post","type-post","status-publish","format-standard","has-post-thumbnail","hentry","category-destaques","category-mundo","category-noticias2","tag-adustina","tag-antas","tag-araci","tag-cicero-dantas","tag-cipo-2","tag-crisopolis-2","tag-euclides-da-cunha","tag-fatima","tag-hamas","tag-heliopolis-2","tag-israel","tag-itapicuru","tag-jeremoabo","tag-mohammad-sinwar","tag-mundo","tag-nova-soure","tag-novo-triunfo","tag-olindina","tag-paripiranga","tag-quijingue","tag-ribeira-do-amparo","tag-ribeira-do-pombal","tag-sitio-do-quinto","tag-tucano"],"aioseo_notices":[],"_links":{"self":[{"href":"https:\/\/www.portalalerta.com.br\/index.php\/wp-json\/wp\/v2\/posts\/72235","targetHints":{"allow":["GET"]}}],"collection":[{"href":"https:\/\/www.portalalerta.com.br\/index.php\/wp-json\/wp\/v2\/posts"}],"about":[{"href":"https:\/\/www.portalalerta.com.br\/index.php\/wp-json\/wp\/v2\/types\/post"}],"author":[{"embeddable":true,"href":"https:\/\/www.portalalerta.com.br\/index.php\/wp-json\/wp\/v2\/users\/2"}],"replies":[{"embeddable":true,"href":"https:\/\/www.portalalerta.com.br\/index.php\/wp-json\/wp\/v2\/comments?post=72235"}],"version-history":[{"count":1,"href":"https:\/\/www.portalalerta.com.br\/index.php\/wp-json\/wp\/v2\/posts\/72235\/revisions"}],"predecessor-version":[{"id":72236,"href":"https:\/\/www.portalalerta.com.br\/index.php\/wp-json\/wp\/v2\/posts\/72235\/revisions\/72236"}],"wp:featuredmedia":[{"embeddable":true,"href":"https:\/\/www.portalalerta.com.br\/index.php\/wp-json\/wp\/v2\/media\/72233"}],"wp:attachment":[{"href":"https:\/\/www.portalalerta.com.br\/index.php\/wp-json\/wp\/v2\/media?parent=72235"}],"wp:term":[{"taxonomy":"category","embeddable":true,"href":"https:\/\/www.portalalerta.com.br\/index.php\/wp-json\/wp\/v2\/categories?post=72235"},{"taxonomy":"post_tag","embeddable":true,"href":"https:\/\/www.portalalerta.com.br\/index.php\/wp-json\/wp\/v2\/tags?post=72235"}],"curies":[{"name":"wp","href":"https:\/\/api.w.org\/{rel}","templated":true}]}}