{"id":72240,"date":"2025-05-28T16:02:00","date_gmt":"2025-05-28T19:02:00","guid":{"rendered":"https:\/\/www.portalalerta.com.br\/?p=72240"},"modified":"2025-05-28T13:30:41","modified_gmt":"2025-05-28T16:30:41","slug":"pf-prende-grupo-que-cobrava-r-250-mil-para-matar-ministros-do-stf","status":"publish","type":"post","link":"https:\/\/www.portalalerta.com.br\/index.php\/2025\/05\/28\/pf-prende-grupo-que-cobrava-r-250-mil-para-matar-ministros-do-stf\/","title":{"rendered":"PF prende grupo que cobrava R$ 250 mil para matar ministros do STF"},"content":{"rendered":"\n<p>Organiza\u00e7\u00e3o foi alvo de opera\u00e7\u00e3o nesta quarta-feira<\/p>\n\n\n\n<!--more-->\n\n\n\n<p>A Pol\u00edcia Federal (PF) prendeu nesta quarta-feira (28) cinco integrantes de uma &#8220;ag\u00eancia de exterm\u00ednio&#8221; que cobrava R$ 250 mil para monitorar e matar ministros do Supremo Tribunal Federal (STF).<\/p>\n\n\n\n<p>A tabela de pre\u00e7os tamb\u00e9m previa o valor de R$ 150 mil se a v\u00edtima fosse senador e R$ 100 mil se a v\u00edtima fosse deputado. A opera\u00e7\u00e3o foi autorizada pelo ministro Cristiano Zanin, do STF.<\/p>\n\n\n\n<p>A descoberta do grupo ocorreu no \u00e2mbito de uma investiga\u00e7\u00e3o &#8211; que tramita em sigilo &#8211; sobre venda de senten\u00e7as por servidores do Superior Tribunal de Justi\u00e7a e do Tribunal de Justi\u00e7a de Mato Grosso.<\/p>\n\n\n\n<p>O advogado Roberto Zampieri, figura central do esquema, foi morto a tiros no Mato Grosso por essa mesma organiza\u00e7\u00e3o, segundo fontes da PF a par do caso.<\/p>\n\n\n\n<p>Autodenominada &#8220;Comando C4&#8221; (Comando de Ca\u00e7a a Comunistas, Corruptos e Criminosos), ag\u00eancia era composta por civis e militares da ativa e da reserva.<\/p>\n\n\n\n<p><em>Fonte: CNN<\/em><\/p>\n","protected":false},"excerpt":{"rendered":"<p>Organiza\u00e7\u00e3o foi alvo de opera\u00e7\u00e3o nesta quarta-feira<\/p>\n","protected":false},"author":2,"featured_media":19341,"comment_status":"open","ping_status":"open","sticky":false,"template":"","format":"standard","meta":{"om_disable_all_campaigns":false,"_monsterinsights_skip_tracking":false,"_monsterinsights_sitenote_active":false,"_monsterinsights_sitenote_note":"","_monsterinsights_sitenote_category":0,"footnotes":""},"categories":[34,70,69,21,22],"tags":[100,71,48,93,75,4178,4180,129,107,4181,2157,132,230,106,203,120,51,173,110,109,88,47,111,216,190],"class_list":["post-72240","post","type-post","status-publish","format-standard","has-post-thumbnail","hentry","category-brasil","category-destaques","category-noticias2","category-politica","category-seguranca","tag-adustina","tag-antas","tag-araci","tag-brasil","tag-cicero-dantas","tag-cipo-2","tag-crisopolis-2","tag-euclides-da-cunha","tag-fatima","tag-heliopolis-2","tag-homicidas","tag-itapicuru","tag-jeremoabo","tag-nova-soure","tag-novo-triunfo","tag-olindina","tag-paripiranga","tag-policia-federal","tag-presos","tag-quijingue","tag-ribeira-do-amparo","tag-ribeira-do-pombal","tag-sitio-do-quinto","tag-stf","tag-tucano"],"aioseo_notices":[],"_links":{"self":[{"href":"https:\/\/www.portalalerta.com.br\/index.php\/wp-json\/wp\/v2\/posts\/72240","targetHints":{"allow":["GET"]}}],"collection":[{"href":"https:\/\/www.portalalerta.com.br\/index.php\/wp-json\/wp\/v2\/posts"}],"about":[{"href":"https:\/\/www.portalalerta.com.br\/index.php\/wp-json\/wp\/v2\/types\/post"}],"author":[{"embeddable":true,"href":"https:\/\/www.portalalerta.com.br\/index.php\/wp-json\/wp\/v2\/users\/2"}],"replies":[{"embeddable":true,"href":"https:\/\/www.portalalerta.com.br\/index.php\/wp-json\/wp\/v2\/comments?post=72240"}],"version-history":[{"count":1,"href":"https:\/\/www.portalalerta.com.br\/index.php\/wp-json\/wp\/v2\/posts\/72240\/revisions"}],"predecessor-version":[{"id":72241,"href":"https:\/\/www.portalalerta.com.br\/index.php\/wp-json\/wp\/v2\/posts\/72240\/revisions\/72241"}],"wp:featuredmedia":[{"embeddable":true,"href":"https:\/\/www.portalalerta.com.br\/index.php\/wp-json\/wp\/v2\/media\/19341"}],"wp:attachment":[{"href":"https:\/\/www.portalalerta.com.br\/index.php\/wp-json\/wp\/v2\/media?parent=72240"}],"wp:term":[{"taxonomy":"category","embeddable":true,"href":"https:\/\/www.portalalerta.com.br\/index.php\/wp-json\/wp\/v2\/categories?post=72240"},{"taxonomy":"post_tag","embeddable":true,"href":"https:\/\/www.portalalerta.com.br\/index.php\/wp-json\/wp\/v2\/tags?post=72240"}],"curies":[{"name":"wp","href":"https:\/\/api.w.org\/{rel}","templated":true}]}}