{"id":72242,"date":"2025-05-28T16:03:00","date_gmt":"2025-05-28T19:03:00","guid":{"rendered":"https:\/\/www.portalalerta.com.br\/?p=72242"},"modified":"2025-05-28T13:32:42","modified_gmt":"2025-05-28T16:32:42","slug":"adolescentes-sao-apreendidos-ao-serem-flagrados-com-armas-de-fogo-em-cipo-ba","status":"publish","type":"post","link":"https:\/\/www.portalalerta.com.br\/index.php\/2025\/05\/28\/adolescentes-sao-apreendidos-ao-serem-flagrados-com-armas-de-fogo-em-cipo-ba\/","title":{"rendered":"Adolescentes s\u00e3o apreendidos ao serem flagrados com armas de fogo, em Cip\u00f3-BA"},"content":{"rendered":"\n<p>Por volta das 22h da \u00faltima ter\u00e7a-feira (27), policiais militares da 21\u00aa CIPM que realizavam rondas de rotina no munic\u00edpio de Cip\u00f3-BA, no momento em que se encontravam nas imedia\u00e7\u00f5es da BA 084, decidiram abordar dois jovens que transitavam pela via&nbsp; a bordo de uma motocicleta de dados n\u00e3o informados, por\u00e9m os ocupantes n\u00e3o atenderam \u00e0 ordem policial, iniciando assim uma fuga.<\/p>\n\n\n\n<!--more-->\n\n\n<div class=\"wp-block-image\">\n<figure class=\"alignleft size-large is-resized\"><img fetchpriority=\"high\" decoding=\"async\" src=\"https:\/\/www.portalalerta.com.br\/wp-content\/uploads\/2024\/04\/autoescola-emprego-1024x1024.jpg\" alt=\"\" class=\"wp-image-55693\" width=\"405\" height=\"405\" srcset=\"https:\/\/www.portalalerta.com.br\/wp-content\/uploads\/2024\/04\/autoescola-emprego-1024x1024.jpg 1024w, https:\/\/www.portalalerta.com.br\/wp-content\/uploads\/2024\/04\/autoescola-emprego-240x240.jpg 240w, https:\/\/www.portalalerta.com.br\/wp-content\/uploads\/2024\/04\/autoescola-emprego-768x768.jpg 768w, https:\/\/www.portalalerta.com.br\/wp-content\/uploads\/2024\/04\/autoescola-emprego.jpg 1080w\" sizes=\"(max-width: 405px) 100vw, 405px\" \/><\/figure><\/div>\n\n\n<p>Os militares realizaram o devido acompanhamento, at\u00e9 o momento em que alcan\u00e7aram a dupla, se tratando de dois adolescentes. Durante as buscas, foi encontrado com um deles, um rev\u00f3lver cal. 22. Na ocasi\u00e3o, o menor afirmou aos policiais que o outro adolescente tamb\u00e9m tinha outra arma de fogo guardada em sua resid\u00eancia. Todos foram at\u00e9 a casa em quest\u00e3o, onde foi confirmada a informa\u00e7\u00e3o, sendo encontrada uma Pistola cal. 22.<\/p>\n\n\n\n<p>Os adolescentes teriam dito aos policiais que as armas seriam trocadas por aparelhos celulares, por\u00e9m n\u00e3o indicaram o local da troca, tampouco onde teriam adquirido o material il\u00edcito.<\/p>\n\n\n\n<p>Tanto os menores, quanto o material apreendido, foram conduzidos e apresentados na Central de Flagrantes em Euclides da Cunha, para a ado\u00e7\u00e3o das medidas cab\u00edveis.<\/p>\n\n\n\n<p><em>Reda\u00e7\u00e3o: Portal Alerta<\/em><\/p>\n","protected":false},"excerpt":{"rendered":"<p>Por volta das 22h da \u00faltima ter\u00e7a-feira (27), policiais militares da 21\u00aa CIPM que realizavam rondas de rotina no munic\u00edpio de Cip\u00f3-BA, no momento em que se encontravam nas imedia\u00e7\u00f5es da BA 084, decidiram abordar dois jovens que transitavam pela via&nbsp; a bordo de uma motocicleta de dados n\u00e3o informados, por\u00e9m os ocupantes n\u00e3o atenderam &hellip;<\/p>\n","protected":false},"author":2,"featured_media":72234,"comment_status":"open","ping_status":"open","sticky":false,"template":"","format":"standard","meta":{"om_disable_all_campaigns":false,"_monsterinsights_skip_tracking":false,"_monsterinsights_sitenote_active":false,"_monsterinsights_sitenote_note":"","_monsterinsights_sitenote_category":0,"footnotes":""},"categories":[13,70,69,32,22],"tags":[182,100,71,48,75,4178,4180,129,107,4181,132,230,5668,106,203,120,51,79,83,1249,109,88,47,111,190],"class_list":["post-72242","post","type-post","status-publish","format-standard","has-post-thumbnail","hentry","category-cipo","category-destaques","category-noticias2","category-regiao","category-seguranca","tag-21a-cipm","tag-adustina","tag-antas","tag-araci","tag-cicero-dantas","tag-cipo-2","tag-crisopolis-2","tag-euclides-da-cunha","tag-fatima","tag-heliopolis-2","tag-itapicuru","tag-jeremoabo","tag-menores-infratores","tag-nova-soure","tag-novo-triunfo","tag-olindina","tag-paripiranga","tag-policia-militar","tag-porte-ilegal-de-arma-de-fogo","tag-posse-ilegal-de-arma-de-fogo","tag-quijingue","tag-ribeira-do-amparo","tag-ribeira-do-pombal","tag-sitio-do-quinto","tag-tucano"],"aioseo_notices":[],"_links":{"self":[{"href":"https:\/\/www.portalalerta.com.br\/index.php\/wp-json\/wp\/v2\/posts\/72242","targetHints":{"allow":["GET"]}}],"collection":[{"href":"https:\/\/www.portalalerta.com.br\/index.php\/wp-json\/wp\/v2\/posts"}],"about":[{"href":"https:\/\/www.portalalerta.com.br\/index.php\/wp-json\/wp\/v2\/types\/post"}],"author":[{"embeddable":true,"href":"https:\/\/www.portalalerta.com.br\/index.php\/wp-json\/wp\/v2\/users\/2"}],"replies":[{"embeddable":true,"href":"https:\/\/www.portalalerta.com.br\/index.php\/wp-json\/wp\/v2\/comments?post=72242"}],"version-history":[{"count":2,"href":"https:\/\/www.portalalerta.com.br\/index.php\/wp-json\/wp\/v2\/posts\/72242\/revisions"}],"predecessor-version":[{"id":72244,"href":"https:\/\/www.portalalerta.com.br\/index.php\/wp-json\/wp\/v2\/posts\/72242\/revisions\/72244"}],"wp:featuredmedia":[{"embeddable":true,"href":"https:\/\/www.portalalerta.com.br\/index.php\/wp-json\/wp\/v2\/media\/72234"}],"wp:attachment":[{"href":"https:\/\/www.portalalerta.com.br\/index.php\/wp-json\/wp\/v2\/media?parent=72242"}],"wp:term":[{"taxonomy":"category","embeddable":true,"href":"https:\/\/www.portalalerta.com.br\/index.php\/wp-json\/wp\/v2\/categories?post=72242"},{"taxonomy":"post_tag","embeddable":true,"href":"https:\/\/www.portalalerta.com.br\/index.php\/wp-json\/wp\/v2\/tags?post=72242"}],"curies":[{"name":"wp","href":"https:\/\/api.w.org\/{rel}","templated":true}]}}