{"id":72247,"date":"2025-05-29T13:24:21","date_gmt":"2025-05-29T16:24:21","guid":{"rendered":"https:\/\/www.portalalerta.com.br\/?p=72247"},"modified":"2025-05-29T13:24:23","modified_gmt":"2025-05-29T16:24:23","slug":"musk-deixa-o-governo-trump","status":"publish","type":"post","link":"https:\/\/www.portalalerta.com.br\/index.php\/2025\/05\/29\/musk-deixa-o-governo-trump\/","title":{"rendered":"Musk deixa o governo Trump"},"content":{"rendered":"\n<p>Por lei, bilion\u00e1rio poderia permanecer por mais dois dias, mas fez sua despedida nesta quarta-feira (28). Musk ocupava o cargo especial de conselheiro e l\u00edder do Departamento de Efici\u00eancia Governamental.<\/p>\n\n\n\n<!--more-->\n\n\n\n<p>O bilion\u00e1rio&nbsp;<a href=\"https:\/\/g1.globo.com\/tudo-sobre\/elon-musk\/\"><strong>Elon Musk<\/strong><\/a>&nbsp;deixou o governo de&nbsp;<a href=\"https:\/\/g1.globo.com\/tudo-sobre\/donald-trump\/\"><strong>Donald Trump<\/strong><\/a>&nbsp;nesta quarta-feira (28), de acordo com a imprensa americana. Musk ocupava o cargo especial de conselheiro e l\u00edder do Departamento de Efici\u00eancia Governamental (DOGE).<\/p>\n\n\n\n<p>Segundo a Casa Branca, o desligamento do bilion\u00e1rio teve in\u00edcio nesta noite. Uma fonte ouvida pela ag\u00eancia Reuters afirmou que Musk n\u00e3o conversou com Trump antes de deixar o cargo.<\/p>\n\n\n\n<p>No X, Musk agradeceu Trump e publicou uma mensagem em tom de despedida.<\/p>\n\n\n\n<p><strong>&#8220;\u00c0 medida que meu per\u00edodo como Funcion\u00e1rio Especial do Governo chega ao fim, gostaria de agradecer ao Presidente Trump pela oportunidade&#8221;, disse Musk em despedida divulgada no X.<\/strong><\/p>\n\n\n<div class=\"wp-block-image\">\n<figure class=\"alignleft size-large is-resized\"><img decoding=\"async\" src=\"https:\/\/www.portalalerta.com.br\/wp-content\/uploads\/2025\/05\/Real-dia-das-maes-2025-819x1024.jpeg\" alt=\"\" class=\"wp-image-71620\" width=\"435\" srcset=\"https:\/\/www.portalalerta.com.br\/wp-content\/uploads\/2025\/05\/Real-dia-das-maes-2025-819x1024.jpeg 819w, https:\/\/www.portalalerta.com.br\/wp-content\/uploads\/2025\/05\/Real-dia-das-maes-2025-192x240.jpeg 192w, https:\/\/www.portalalerta.com.br\/wp-content\/uploads\/2025\/05\/Real-dia-das-maes-2025-768x960.jpeg 768w, https:\/\/www.portalalerta.com.br\/wp-content\/uploads\/2025\/05\/Real-dia-das-maes-2025.jpeg 1024w\" sizes=\"(max-width: 819px) 100vw, 819px\" \/><\/figure><\/div>\n\n\n<p>O esperado era que o bilion\u00e1rio deixasse a administra\u00e7\u00e3o na sexta-feira (30), seguindo os 130 dias de mandato especial que come\u00e7ou em janeiro.<\/p>\n\n\n\n<p>No in\u00edcio de abril, era especulado que Musk deixasse o cargo. Na \u00e9poca, ao ser questionado se ele estaria pronto para sair quando seu status especial de funcion\u00e1rio do governo expirasse, Musk essencialmente declarou miss\u00e3o cumprida.<\/p>\n\n\n\n<p>&#8220;Acho que teremos realizado a maior parte do trabalho necess\u00e1rio para reduzir o d\u00e9ficit em US$ 1 trilh\u00e3o dentro desse prazo&#8221;.<\/p>\n\n\n\n<p>Durante o mandato de funcion\u00e1rio especial,&nbsp;<a href=\"https:\/\/g1.globo.com\/mundo\/blog\/sandra-cohen\/post\/2025\/04\/02\/derrota-de-trump-e-musk-em-wisconsin-injeta-animo-aos-democratas.ghtml\"><strong>Musk foi visto como um fardo pol\u00edtico por membros e aliados externos de Trump.&nbsp;<\/strong><\/a>O presidente e o bilion\u00e1rio chegaram a discordar sobre as&nbsp;<a href=\"https:\/\/g1.globo.com\/mundo\/noticia\/2025\/04\/07\/musk-pressiona-trump-a-reverter-tarifas-e-faz-apelos-diretos-ao-presidente-diz-jornal.ghtml\"><strong>tarifas impostas por Trump \u00e0s importa\u00e7\u00f5es.<\/strong><\/a><\/p>\n\n\n\n<p>Elon Musk anuncia que vai deixar governo Trump<\/p>\n\n\n\n<p>Tamb\u00e9m em abril, ap\u00f3s o an\u00fancio das tarifas, Musk publicou no X cr\u00edticas a Peter Navarro, assessor de Trump visto como arquiteto do plano tarif\u00e1rio. Em uma postagem, o bilion\u00e1rio questionou a forma\u00e7\u00e3o de Navarro, afirmando que&nbsp;<strong>&#8220;um PhD em Economia por Harvard \u00e9 uma coisa ruim, n\u00e3o uma coisa boa&#8221;.<\/strong><\/p>\n\n\n\n<p>De acordo com o &#8220;The Washington Post&#8221;, duas fontes familiarizadas com o assunto revelaram que Musk tentou intervir nas tarifas durante conversas com Trump.<\/p>\n\n\n\n<p>O jornal cita ainda que, como CEO da Tesla, Musk via as tarifas como prejudiciais aos neg\u00f3cios da empresa \u2014 que tem na China e nos Estados Unidos seus principais centros de fabrica\u00e7\u00e3o e consumo.<\/p>\n\n\n\n<p>O irm\u00e3o de Musk, Kimbal Musk, tamb\u00e9m criticou Trump nas redes sociais, ao escrever que a medida adotada pelo governo criou um &#8220;imposto estrutural e permanente sobre o consumidor americano&#8221;.<\/p>\n\n\n\n<p><strong>&#8220;Quem imaginaria que Trump seria o presidente americano com os impostos mais altos em gera\u00e7\u00f5es?&#8221;, publicou. &#8220;Um imposto sobre o consumo tamb\u00e9m significa menos consumo. O que significa menos empregos.&#8221;<\/strong><\/p>\n\n\n\n<p><em>Fonte: &nbsp;CNN Brasil<\/em><\/p>\n","protected":false},"excerpt":{"rendered":"<p>Por lei, bilion\u00e1rio poderia permanecer por mais dois dias, mas fez sua despedida nesta quarta-feira (28). Musk ocupava o cargo especial de conselheiro e l\u00edder do Departamento de Efici\u00eancia Governamental.<\/p>\n","protected":false},"author":2,"featured_media":72245,"comment_status":"open","ping_status":"open","sticky":false,"template":"","format":"standard","meta":{"om_disable_all_campaigns":false,"_monsterinsights_skip_tracking":false,"_monsterinsights_sitenote_active":false,"_monsterinsights_sitenote_note":"","_monsterinsights_sitenote_category":0,"footnotes":""},"categories":[70,35,69,21],"tags":[100,71,48,75,4178,4180,897,6815,327,129,107,4181,132,230,339,106,203,120,51,109,88,47,111,190],"class_list":["post-72247","post","type-post","status-publish","format-standard","has-post-thumbnail","hentry","category-destaques","category-mundo","category-noticias2","category-politica","tag-adustina","tag-antas","tag-araci","tag-cicero-dantas","tag-cipo-2","tag-crisopolis-2","tag-donald-trump","tag-elon-musk","tag-eua","tag-euclides-da-cunha","tag-fatima","tag-heliopolis-2","tag-itapicuru","tag-jeremoabo","tag-mundo","tag-nova-soure","tag-novo-triunfo","tag-olindina","tag-paripiranga","tag-quijingue","tag-ribeira-do-amparo","tag-ribeira-do-pombal","tag-sitio-do-quinto","tag-tucano"],"aioseo_notices":[],"_links":{"self":[{"href":"https:\/\/www.portalalerta.com.br\/index.php\/wp-json\/wp\/v2\/posts\/72247","targetHints":{"allow":["GET"]}}],"collection":[{"href":"https:\/\/www.portalalerta.com.br\/index.php\/wp-json\/wp\/v2\/posts"}],"about":[{"href":"https:\/\/www.portalalerta.com.br\/index.php\/wp-json\/wp\/v2\/types\/post"}],"author":[{"embeddable":true,"href":"https:\/\/www.portalalerta.com.br\/index.php\/wp-json\/wp\/v2\/users\/2"}],"replies":[{"embeddable":true,"href":"https:\/\/www.portalalerta.com.br\/index.php\/wp-json\/wp\/v2\/comments?post=72247"}],"version-history":[{"count":1,"href":"https:\/\/www.portalalerta.com.br\/index.php\/wp-json\/wp\/v2\/posts\/72247\/revisions"}],"predecessor-version":[{"id":72248,"href":"https:\/\/www.portalalerta.com.br\/index.php\/wp-json\/wp\/v2\/posts\/72247\/revisions\/72248"}],"wp:featuredmedia":[{"embeddable":true,"href":"https:\/\/www.portalalerta.com.br\/index.php\/wp-json\/wp\/v2\/media\/72245"}],"wp:attachment":[{"href":"https:\/\/www.portalalerta.com.br\/index.php\/wp-json\/wp\/v2\/media?parent=72247"}],"wp:term":[{"taxonomy":"category","embeddable":true,"href":"https:\/\/www.portalalerta.com.br\/index.php\/wp-json\/wp\/v2\/categories?post=72247"},{"taxonomy":"post_tag","embeddable":true,"href":"https:\/\/www.portalalerta.com.br\/index.php\/wp-json\/wp\/v2\/tags?post=72247"}],"curies":[{"name":"wp","href":"https:\/\/api.w.org\/{rel}","templated":true}]}}