{"id":72249,"date":"2025-05-29T13:28:18","date_gmt":"2025-05-29T16:28:18","guid":{"rendered":"https:\/\/www.portalalerta.com.br\/?p=72249"},"modified":"2025-05-29T13:28:20","modified_gmt":"2025-05-29T16:28:20","slug":"operacao-mira-policiais-envolvidos-em-esquema-criminoso-ligado-ao-jogo-do-bicho-na-bahia","status":"publish","type":"post","link":"https:\/\/www.portalalerta.com.br\/index.php\/2025\/05\/29\/operacao-mira-policiais-envolvidos-em-esquema-criminoso-ligado-ao-jogo-do-bicho-na-bahia\/","title":{"rendered":"Opera\u00e7\u00e3o mira policiais envolvidos em esquema criminoso ligado ao jogo do bicho na Bahia"},"content":{"rendered":"\n<p><strong>A Pol\u00edcia Federal (PF) deflagrou nesta quarta-feira (28) a Opera\u00e7\u00e3o Fallen, em conjunto com o Minist\u00e9rio P\u00fablico Estadual, por meio do GAECO, a For\u00e7a Correcional Integrada (FORCE\/COGER\/SSP\/BA) e a Corregedoria da Pol\u00edcia Militar da Bahia. A a\u00e7\u00e3o tem como objetivo desarticular uma organiza\u00e7\u00e3o criminosa envolvida em lavagem de dinheiro proveniente de atividades ilegais como jogo do bicho, agiotagem, extors\u00e3o e recepta\u00e7\u00e3o qualificada, entre outros crimes.<\/strong><\/p>\n\n\n\n<!--more-->\n\n\n\n<p><strong>A quadrilha atua principalmente em Feira de Santana e cidades vizinhas. Foram cumpridos quatro mandados de busca e apreens\u00e3o expedidos pela 1\u00aa Vara Criminal da comarca local. A opera\u00e7\u00e3o \u00e9 um desdobramento da El Patr\u00f3n, deflagrada em dezembro de 2023, que j\u00e1 havia resultado em 10 pris\u00f5es preventivas, 33 mandados de busca, bloqueio de mais de R$ 200 milh\u00f5es, sequestro de 26 propriedades e suspens\u00e3o de atividades de seis empresas.<\/strong><\/p>\n\n\n\n<p><strong>Nesta nova fase, os investigadores identificaram a atua\u00e7\u00e3o do bra\u00e7o armado do grupo, formado por policiais militares da Bahia, que teriam destru\u00eddo provas digitais para tentar obstruir as investiga\u00e7\u00f5es.<\/strong><\/p>\n\n\n\n<p><strong>O nome da opera\u00e7\u00e3o \u2014 Fallen (ca\u00eddo, em ingl\u00eas) \u2014 faz refer\u00eancia \u00e0 queda moral de agentes p\u00fablicos envolvidos com a organiza\u00e7\u00e3o criminosa.<\/strong><\/p>\n\n\n\n<p><strong>As investiga\u00e7\u00f5es seguem em andamento para identificar novos envolvidos e esclarecer fatos conexos. Caso condenados, os suspeitos podem pegar mais de 26 anos de pris\u00e3o.<\/strong><\/p>\n\n\n\n<p><em>Fonte: Bnews<\/em><\/p>\n","protected":false},"excerpt":{"rendered":"<p>A Pol\u00edcia Federal (PF) deflagrou nesta quarta-feira (28) a Opera\u00e7\u00e3o Fallen, em conjunto com o Minist\u00e9rio P\u00fablico Estadual, por meio do GAECO, a For\u00e7a Correcional Integrada (FORCE\/COGER\/SSP\/BA) e a Corregedoria da Pol\u00edcia Militar da Bahia. A a\u00e7\u00e3o tem como objetivo desarticular uma organiza\u00e7\u00e3o criminosa envolvida em lavagem de dinheiro proveniente de atividades ilegais como jogo &hellip;<\/p>\n","protected":false},"author":2,"featured_media":72246,"comment_status":"open","ping_status":"open","sticky":false,"template":"","format":"standard","meta":{"om_disable_all_campaigns":false,"_monsterinsights_skip_tracking":false,"_monsterinsights_sitenote_active":false,"_monsterinsights_sitenote_note":"","_monsterinsights_sitenote_category":0,"footnotes":""},"categories":[33,70,69,22],"tags":[100,71,48,75,4178,4180,129,107,3894,4181,132,230,352,106,203,120,8027,51,173,79,838,110,109,88,47,111,190],"class_list":["post-72249","post","type-post","status-publish","format-standard","has-post-thumbnail","hentry","category-bahia","category-destaques","category-noticias2","category-seguranca","tag-adustina","tag-antas","tag-araci","tag-cicero-dantas","tag-cipo-2","tag-crisopolis-2","tag-euclides-da-cunha","tag-fatima","tag-gaeco","tag-heliopolis-2","tag-itapicuru","tag-jeremoabo","tag-ministerio-publico","tag-nova-soure","tag-novo-triunfo","tag-olindina","tag-operacao-fallen","tag-paripiranga","tag-policia-federal","tag-policia-militar","tag-policiais","tag-presos","tag-quijingue","tag-ribeira-do-amparo","tag-ribeira-do-pombal","tag-sitio-do-quinto","tag-tucano"],"aioseo_notices":[],"_links":{"self":[{"href":"https:\/\/www.portalalerta.com.br\/index.php\/wp-json\/wp\/v2\/posts\/72249","targetHints":{"allow":["GET"]}}],"collection":[{"href":"https:\/\/www.portalalerta.com.br\/index.php\/wp-json\/wp\/v2\/posts"}],"about":[{"href":"https:\/\/www.portalalerta.com.br\/index.php\/wp-json\/wp\/v2\/types\/post"}],"author":[{"embeddable":true,"href":"https:\/\/www.portalalerta.com.br\/index.php\/wp-json\/wp\/v2\/users\/2"}],"replies":[{"embeddable":true,"href":"https:\/\/www.portalalerta.com.br\/index.php\/wp-json\/wp\/v2\/comments?post=72249"}],"version-history":[{"count":1,"href":"https:\/\/www.portalalerta.com.br\/index.php\/wp-json\/wp\/v2\/posts\/72249\/revisions"}],"predecessor-version":[{"id":72250,"href":"https:\/\/www.portalalerta.com.br\/index.php\/wp-json\/wp\/v2\/posts\/72249\/revisions\/72250"}],"wp:featuredmedia":[{"embeddable":true,"href":"https:\/\/www.portalalerta.com.br\/index.php\/wp-json\/wp\/v2\/media\/72246"}],"wp:attachment":[{"href":"https:\/\/www.portalalerta.com.br\/index.php\/wp-json\/wp\/v2\/media?parent=72249"}],"wp:term":[{"taxonomy":"category","embeddable":true,"href":"https:\/\/www.portalalerta.com.br\/index.php\/wp-json\/wp\/v2\/categories?post=72249"},{"taxonomy":"post_tag","embeddable":true,"href":"https:\/\/www.portalalerta.com.br\/index.php\/wp-json\/wp\/v2\/tags?post=72249"}],"curies":[{"name":"wp","href":"https:\/\/api.w.org\/{rel}","templated":true}]}}