{"id":72251,"date":"2025-05-29T13:31:19","date_gmt":"2025-05-29T16:31:19","guid":{"rendered":"https:\/\/www.portalalerta.com.br\/?p=72251"},"modified":"2025-05-29T13:31:21","modified_gmt":"2025-05-29T16:31:21","slug":"condenado-por-homicidio-cometido-em-paripiranga-ba-ha-aproximadamente-35-anos-e-capturado-em-sergipe","status":"publish","type":"post","link":"https:\/\/www.portalalerta.com.br\/index.php\/2025\/05\/29\/condenado-por-homicidio-cometido-em-paripiranga-ba-ha-aproximadamente-35-anos-e-capturado-em-sergipe\/","title":{"rendered":"Condenado por homic\u00eddio cometido em Paripiranga-BA h\u00e1 aproximadamente 35 anos \u00e9 capturado em Sergipe"},"content":{"rendered":"\n<p>Uma a\u00e7\u00e3o conjunta entre policiais civis da Bahia e Sergipe, culminou na captura de um homicida por um crime cometido h\u00e1 pouco mais de 34 anos.<\/p>\n\n\n\n<!--more-->\n\n\n\n<p>O homem identificado pelas iniciais R.G de A, teria assassinado outra pessoa com quatro disparos de arma de fogo, na zona rural de Paripiranga-BA, fato ocorrido no dia 1\u00ba de novembro de 1990.<\/p>\n\n\n\n<p>O homicida foi preso nesta quarta-feira (28), no povoado Mussu\u00edpe, zona rural de Ne\u00f3polis-SE. Ap\u00f3s a pris\u00e3o, o criminoso foi conduzido para a Delegacia de Pol\u00edcia Civil da cidade, de onde dever\u00e1 ser recambiado para o Sistema Prisional Baiano, onde dever\u00e1 cumprir a sua pena.<\/p>\n\n\n\n<p><em>Reda\u00e7\u00e3o: Portal Alerta<\/em><\/p>\n","protected":false},"excerpt":{"rendered":"<p>Uma a\u00e7\u00e3o conjunta entre policiais civis da Bahia e Sergipe, culminou na captura de um homicida por um crime cometido h\u00e1 pouco mais de 34 anos.<\/p>\n","protected":false},"author":2,"featured_media":18440,"comment_status":"open","ping_status":"open","sticky":false,"template":"","format":"standard","meta":{"om_disable_all_campaigns":false,"_monsterinsights_skip_tracking":false,"_monsterinsights_sitenote_active":false,"_monsterinsights_sitenote_note":"","_monsterinsights_sitenote_category":0,"footnotes":""},"categories":[34,70,69,11,32,22],"tags":[100,71,48,54,75,4178,316,4180,129,107,4181,258,206,132,230,8028,106,203,120,51,77,109,88,47,114,111,190],"class_list":["post-72251","post","type-post","status-publish","format-standard","has-post-thumbnail","hentry","category-brasil","category-destaques","category-noticias2","category-paripiranga","category-regiao","category-seguranca","tag-adustina","tag-antas","tag-araci","tag-bahia","tag-cicero-dantas","tag-cipo-2","tag-condenacao","tag-crisopolis-2","tag-euclides-da-cunha","tag-fatima","tag-heliopolis-2","tag-homicida","tag-homicidio","tag-itapicuru","tag-jeremoabo","tag-neopolis-2","tag-nova-soure","tag-novo-triunfo","tag-olindina","tag-paripiranga","tag-preso","tag-quijingue","tag-ribeira-do-amparo","tag-ribeira-do-pombal","tag-sergipe","tag-sitio-do-quinto","tag-tucano"],"aioseo_notices":[],"_links":{"self":[{"href":"https:\/\/www.portalalerta.com.br\/index.php\/wp-json\/wp\/v2\/posts\/72251","targetHints":{"allow":["GET"]}}],"collection":[{"href":"https:\/\/www.portalalerta.com.br\/index.php\/wp-json\/wp\/v2\/posts"}],"about":[{"href":"https:\/\/www.portalalerta.com.br\/index.php\/wp-json\/wp\/v2\/types\/post"}],"author":[{"embeddable":true,"href":"https:\/\/www.portalalerta.com.br\/index.php\/wp-json\/wp\/v2\/users\/2"}],"replies":[{"embeddable":true,"href":"https:\/\/www.portalalerta.com.br\/index.php\/wp-json\/wp\/v2\/comments?post=72251"}],"version-history":[{"count":2,"href":"https:\/\/www.portalalerta.com.br\/index.php\/wp-json\/wp\/v2\/posts\/72251\/revisions"}],"predecessor-version":[{"id":72254,"href":"https:\/\/www.portalalerta.com.br\/index.php\/wp-json\/wp\/v2\/posts\/72251\/revisions\/72254"}],"wp:featuredmedia":[{"embeddable":true,"href":"https:\/\/www.portalalerta.com.br\/index.php\/wp-json\/wp\/v2\/media\/18440"}],"wp:attachment":[{"href":"https:\/\/www.portalalerta.com.br\/index.php\/wp-json\/wp\/v2\/media?parent=72251"}],"wp:term":[{"taxonomy":"category","embeddable":true,"href":"https:\/\/www.portalalerta.com.br\/index.php\/wp-json\/wp\/v2\/categories?post=72251"},{"taxonomy":"post_tag","embeddable":true,"href":"https:\/\/www.portalalerta.com.br\/index.php\/wp-json\/wp\/v2\/tags?post=72251"}],"curies":[{"name":"wp","href":"https:\/\/api.w.org\/{rel}","templated":true}]}}