{"id":72255,"date":"2025-05-29T13:35:50","date_gmt":"2025-05-29T16:35:50","guid":{"rendered":"https:\/\/www.portalalerta.com.br\/?p=72255"},"modified":"2025-05-29T13:35:51","modified_gmt":"2025-05-29T16:35:51","slug":"marina-ve-falta-de-apoio-planalto-diz-que-nao-sabia-de-agenda-da-ministra","status":"publish","type":"post","link":"https:\/\/www.portalalerta.com.br\/index.php\/2025\/05\/29\/marina-ve-falta-de-apoio-planalto-diz-que-nao-sabia-de-agenda-da-ministra\/","title":{"rendered":"Marina v\u00ea falta de apoio; Planalto diz que n\u00e3o sabia de agenda da ministra"},"content":{"rendered":"\n<p><strong>N\u00facleo pol\u00edtico alega que governo n\u00e3o foi avisado por minist\u00e9rio; nem base governista tinha conhecimento sobre ida da ministra \u00e0 comiss\u00e3o<\/strong><\/p>\n\n\n\n<!--more-->\n\n\n\n<p><strong>A Ministra do Meio Ambiente e Mudan\u00e7a do Clima, Marina Silva&nbsp; \u2022&nbsp;Rog\u00e9rio Cassimiro\/MMA<\/strong><\/p>\n\n\n\n<p><strong>Ap\u00f3s a ministra Marina Silva ter sido alvo de embate com senadores, o Pal\u00e1cio do Planalto disse que n\u00e3o foi avisado da ida da chefe da pasta do Meio Ambiente \u00e0 Comiss\u00e3o de Infraestrutura do Senado nesta ter\u00e7a-feira (27).<\/strong><\/p>\n\n\n\n<p><strong>Segundo relatos feitos \u00e0&nbsp;CNN, ministros palacianos dizem que a participa\u00e7\u00e3o de Marina n\u00e3o foi comunicada nem pelo Congresso, nem pelo pr\u00f3prio Minist\u00e9rio do Meio Ambiente.<\/strong><\/p>\n\n\n\n<p><strong>Normalmente, a Secretaria de Rela\u00e7\u00f5es Institucionais toma conhecimento desse tipo de agenda. Mas, segundo a ministra da pasta, Gleisi Hoffmann, n\u00e3o houve qualquer aviso pr\u00e9vio.<\/strong><\/p>\n\n\n\n<p><strong><a href=\"https:\/\/www.cnnbrasil.com.br\/politica\/vamos-trabalhar-para-camara-reposicionar-licenciamento-diz-marina\/\">Vamos trabalhar para C\u00e2mara &#8220;reposicionar&#8221; licenciamento, diz Marina<\/a><\/strong><\/p>\n\n\n\n<p><strong>A aus\u00eancia de articula\u00e7\u00e3o refletiu na sess\u00e3o do Senado: o n\u00famero reduzido de&nbsp;<a href=\"https:\/\/www.cnnbrasil.com.br\/politica\/ministras-de-lula-defendem-marina-e-chamam-criticas-de-absurdo\/\" target=\"_blank\" rel=\"noreferrer noopener\">integrantes da base aliada para defender Marina<\/a>&nbsp;contribuiu para o constrangimento enfrentado por ela, na avalia\u00e7\u00e3o de aliados. A ministra teve o microfone cortado algumas vezes e&nbsp;<a href=\"https:\/\/www.cnnbrasil.com.br\/politica\/entrevista-marina-silva-comissao-senado\/\" target=\"_blank\" rel=\"noreferrer noopener\">foi atacada verbalmente por senadores da oposi\u00e7\u00e3o.<\/a><\/strong><\/p>\n\n\n<div class=\"wp-block-image\">\n<figure class=\"alignleft size-large is-resized\"><img fetchpriority=\"high\" decoding=\"async\" src=\"https:\/\/www.portalalerta.com.br\/wp-content\/uploads\/2024\/04\/autoescola-emprego-1024x1024.jpg\" alt=\"\" class=\"wp-image-55693\" width=\"435\" height=\"435\" srcset=\"https:\/\/www.portalalerta.com.br\/wp-content\/uploads\/2024\/04\/autoescola-emprego-1024x1024.jpg 1024w, https:\/\/www.portalalerta.com.br\/wp-content\/uploads\/2024\/04\/autoescola-emprego-240x240.jpg 240w, https:\/\/www.portalalerta.com.br\/wp-content\/uploads\/2024\/04\/autoescola-emprego-768x768.jpg 768w, https:\/\/www.portalalerta.com.br\/wp-content\/uploads\/2024\/04\/autoescola-emprego.jpg 1080w\" sizes=\"(max-width: 435px) 100vw, 435px\" \/><\/figure><\/div>\n\n\n<p><strong>Durante a audi\u00eancia, o senador Pl\u00ednio Val\u00e9rio (PSD-AM) chegou a dizer que Marina \u201cn\u00e3o merecia respeito\u201d.&nbsp;<a href=\"https:\/\/www.cnnbrasil.com.br\/politica\/marcos-rogerio-volta-a-criticar-marina-silva-perdeu-o-equilibrio\/\" target=\"_blank\" rel=\"noreferrer noopener\">J\u00e1 Marcos Rog\u00e9rio<\/a>&nbsp;(PL-RO) pediu que ela se colocasse \u201cem seu lugar\u201d.<\/strong><\/p>\n\n\n\n<p><strong>Apenas dois parlamentares governistas sa\u00edram em defesa da ministra: o l\u00edder do PT, Rog\u00e9rio Carvalho (SE), e a senadora Eliziane Gama (PSD-MA).<\/strong><\/p>\n\n\n\n<p><strong>A falta de apoio imediato levou Marina a&nbsp;<a href=\"https:\/\/www.cnnbrasil.com.br\/politica\/apos-deixar-comissao-no-senado-marina-silva-diz-que-nao-teve-outra-opcao\/\" target=\"_blank\" rel=\"noreferrer noopener\">deixar a comiss\u00e3o antes do fim da sess\u00e3o<\/a>&nbsp;e cobrar respaldo do governo.<\/strong><\/p>\n\n\n\n<p><strong>Depois da confus\u00e3o, o l\u00edder do governo no Senado, Jaques Wagner (PT-BA),&nbsp;<a href=\"https:\/\/www.cnnbrasil.com.br\/politica\/senadores-defendem-marina-silva-no-plenario-apos-confusao\/\" target=\"_blank\" rel=\"noreferrer noopener\">ligou para a ministra para prestar solidariedade<\/a>. Ele chegou a passar pela comiss\u00e3o, mas n\u00e3o permaneceu no colegiado por muito tempo nem se pronunciou.<\/strong><\/p>\n\n\n\n<p><strong>O presidente Luiz In\u00e1cio Lula da Silva (PT) e a primeira-dama, Janja da Silva,&nbsp;<a href=\"https:\/\/www.cnnbrasil.com.br\/politica\/lula-passou-a-se-sentir-melhor-quando-me-retirei-da-comissao-diz-marina\/\" target=\"_blank\" rel=\"noreferrer noopener\">tamb\u00e9m ligaram para a ministra ap\u00f3s o epis\u00f3dio<\/a>. Outros ministros se manifestaram em defesa dela nas redes sociais.<\/strong><\/p>\n\n\n\n<p><strong>J\u00e1 o l\u00edder do governo no Congresso, Randolfe Rodrigues (PT-AP), n\u00e3o participou da audi\u00eancia. Ele e Marina t\u00eam posi\u00e7\u00f5es divergentes sobre o meio ambiente. Mais tarde, no plen\u00e1rio do Senado, Randolfe saiu em defesa da ministra e afirmou que, independente de diverg\u00eancias, manifesta\u00e7\u00f5es de desrespeito s\u00e3o \u201cinaceit\u00e1veis\u201d.<\/strong><\/p>\n\n\n\n<p><strong>\u201cO debate pol\u00edtico pode ser caloroso, pode expressar as diverg\u00eancias e pontos de vista. Agora, manifesta\u00e7\u00e3o de desrespeito \u00e9 inaceit\u00e1vel\u201d, afirmou.<\/strong><\/p>\n\n\n\n<p><em>Fonte: CNN Brasil<\/em><\/p>\n","protected":false},"excerpt":{"rendered":"<p>N\u00facleo pol\u00edtico alega que governo n\u00e3o foi avisado por minist\u00e9rio; nem base governista tinha conhecimento sobre ida da ministra \u00e0 comiss\u00e3o<\/p>\n","protected":false},"author":2,"featured_media":7949,"comment_status":"open","ping_status":"open","sticky":false,"template":"","format":"standard","meta":{"om_disable_all_campaigns":false,"_monsterinsights_skip_tracking":false,"_monsterinsights_sitenote_active":false,"_monsterinsights_sitenote_note":"","_monsterinsights_sitenote_category":0,"footnotes":""},"categories":[34,70,69,21],"tags":[100,71,48,75,4178,4180,129,107,249,4181,132,230,1216,6138,106,203,120,51,109,88,47,111,190],"class_list":["post-72255","post","type-post","status-publish","format-standard","has-post-thumbnail","hentry","category-brasil","category-destaques","category-noticias2","category-politica","tag-adustina","tag-antas","tag-araci","tag-cicero-dantas","tag-cipo-2","tag-crisopolis-2","tag-euclides-da-cunha","tag-fatima","tag-governo-federal","tag-heliopolis-2","tag-itapicuru","tag-jeremoabo","tag-marina-silva","tag-ministra-do-meio-ambiente","tag-nova-soure","tag-novo-triunfo","tag-olindina","tag-paripiranga","tag-quijingue","tag-ribeira-do-amparo","tag-ribeira-do-pombal","tag-sitio-do-quinto","tag-tucano"],"aioseo_notices":[],"_links":{"self":[{"href":"https:\/\/www.portalalerta.com.br\/index.php\/wp-json\/wp\/v2\/posts\/72255","targetHints":{"allow":["GET"]}}],"collection":[{"href":"https:\/\/www.portalalerta.com.br\/index.php\/wp-json\/wp\/v2\/posts"}],"about":[{"href":"https:\/\/www.portalalerta.com.br\/index.php\/wp-json\/wp\/v2\/types\/post"}],"author":[{"embeddable":true,"href":"https:\/\/www.portalalerta.com.br\/index.php\/wp-json\/wp\/v2\/users\/2"}],"replies":[{"embeddable":true,"href":"https:\/\/www.portalalerta.com.br\/index.php\/wp-json\/wp\/v2\/comments?post=72255"}],"version-history":[{"count":1,"href":"https:\/\/www.portalalerta.com.br\/index.php\/wp-json\/wp\/v2\/posts\/72255\/revisions"}],"predecessor-version":[{"id":72256,"href":"https:\/\/www.portalalerta.com.br\/index.php\/wp-json\/wp\/v2\/posts\/72255\/revisions\/72256"}],"wp:featuredmedia":[{"embeddable":true,"href":"https:\/\/www.portalalerta.com.br\/index.php\/wp-json\/wp\/v2\/media\/7949"}],"wp:attachment":[{"href":"https:\/\/www.portalalerta.com.br\/index.php\/wp-json\/wp\/v2\/media?parent=72255"}],"wp:term":[{"taxonomy":"category","embeddable":true,"href":"https:\/\/www.portalalerta.com.br\/index.php\/wp-json\/wp\/v2\/categories?post=72255"},{"taxonomy":"post_tag","embeddable":true,"href":"https:\/\/www.portalalerta.com.br\/index.php\/wp-json\/wp\/v2\/tags?post=72255"}],"curies":[{"name":"wp","href":"https:\/\/api.w.org\/{rel}","templated":true}]}}