{"id":72268,"date":"2025-05-29T18:22:23","date_gmt":"2025-05-29T21:22:23","guid":{"rendered":"https:\/\/www.portalalerta.com.br\/?p=72268"},"modified":"2025-05-29T18:22:24","modified_gmt":"2025-05-29T21:22:24","slug":"deus-deixou-o-sertao-sem-agua-porque-sabia-que-eu-seria-presidente-diz-lula-na-paraiba","status":"publish","type":"post","link":"https:\/\/www.portalalerta.com.br\/index.php\/2025\/05\/29\/deus-deixou-o-sertao-sem-agua-porque-sabia-que-eu-seria-presidente-diz-lula-na-paraiba\/","title":{"rendered":"&#8216;Deus deixou o sert\u00e3o sem \u00e1gua porque sabia que eu seria presidente&#8217;, diz Lula na Para\u00edba"},"content":{"rendered":"\n<p>Lula lembrou a import\u00e2ncia das obras de transposi\u00e7\u00e3o do Rio S\u00e3o Francisco e disse que decis\u00e3o foi &#8216;a mais importante que ele j\u00e1 tomou na vida&#8221;.<\/p>\n\n\n\n<!--more-->\n\n\n\n<p>O presidente Luiz In\u00e1cio&nbsp;<a href=\"https:\/\/g1.globo.com\/politica\/politico\/lula\/\"><strong>Lula<\/strong><\/a>&nbsp;da Silva (PT) defendeu nesta quarta-feira (28) as obras de transposi\u00e7\u00e3o do Rio S\u00e3o Francisco, e disse que<strong>&nbsp;&#8220;Deus deixou o sert\u00e3o sem \u00e1gua&#8221;<\/strong>&nbsp;porque sabia que ele seria eleito presidente.<\/p>\n\n\n\n<p>A fala ocorreu durante um evento na regi\u00e3o de Cachoeira dos \u00cdndios, no sert\u00e3o da Para\u00edba<a href=\"https:\/\/g1.globo.com\/pb\/paraiba\/noticia\/2025\/05\/28\/lula-entrega-primeiro-trecho-de-obra-do-ramal-do-apodi-no-sertao-da-paraiba.ghtml\"><strong>. A cerim\u00f4nia marcou a entrega de uma das obras do novo PAC<\/strong><\/a>, focada em infraestrutura h\u00eddrica da regi\u00e3o.<\/p>\n\n\n\n<p><strong>&#8220;Deus deixou o sert\u00e3o sem \u00e1gua porque ele sabia que eu ia ser presidente da Rep\u00fablica e que eu ia trazer \u00e1gua para c\u00e1&#8221;, disse o presidente.<\/strong><\/p>\n\n\n\n<p>Durante o discurso, Lula lembrou a import\u00e2ncia da obra para a regi\u00e3o Nordeste. Mais cedo,&nbsp;<a href=\"https:\/\/g1.globo.com\/pe\/petrolina-regiao\/noticia\/2025\/05\/28\/lula-assina-ordem-de-servico-para-obras-de-ampliacao-no-projeto-de-transposicao-do-rio-sao-francisco-em-salgueiro.ghtml\"><strong>ele assinou<\/strong><\/a>&nbsp;uma ordem de servi\u00e7o para amplia\u00e7\u00e3o das obras de integra\u00e7\u00e3o do Rio S\u00e3o Francisco em quatro estados, durante visita a Salgueiro (PE).<\/p>\n\n\n\n<p><em>\ud83d\udd0eO projeto de transposi\u00e7\u00e3o \u00e9 a maior obra de infraestrutura h\u00eddrica da Am\u00e9rica Latina, e foi oficialmente lan\u00e7ado em junho de 2007, ap\u00f3s d\u00e9cadas de debates sobre a necessidade de levar as \u00e1guas do &#8220;Velho Chico&#8221; para regi\u00f5es historicamente castigadas pela escassez de \u00e1gua.<\/em><\/p>\n\n\n\n<p>Na Para\u00edba, Lula lembrou a import\u00e2ncia das obras e disse que a decis\u00e3o do projeto foi &#8220;a mais importante que ele j\u00e1 tomou na vida&#8221;.<\/p>\n\n\n\n<p>&#8220;Porque era uma obra que muita gente n\u00e3o acreditava que a gente pudesse fazer, porque fazia 179 anos, eu n\u00e3o estou falando de 10 anos, estou falando de 179 anos que se prometia \u00e1gua para essa regi\u00e3o&#8221;, afirmou Lula, durante o discurso.<\/p>\n\n\n\n<p><strong>&#8220;E eu, gra\u00e7as a Deus, descobri uma coisa. Deus deixou o sert\u00e3o sem \u00e1gua porque ele sabia que eu ia ser presidente da Rep\u00fablica e que eu ia trazer \u00e1gua para c\u00e1. Ele sabia que somente uma pessoa que tinha passado fome, somente uma pessoa que com sete anos de idade carregava pote de \u00e1gua na cabe\u00e7a&#8221;, afirmou o presidente.<\/strong><\/p>\n\n\n\n<p>Lula disse ainda: &#8220;Ele sabia que somente uma pessoa que tinha passado fome, somente uma pessoa que com sete anos de idade carregava pote de \u00e1gua na cabe\u00e7a. Por isso \u00e9 que eu n\u00e3o tenho pesco\u00e7o, voc\u00eas percebem que meu pesco\u00e7o, sabe, de tanto carregar pote na cabe\u00e7a. Somente uma pessoa que tinha passado por essa experi\u00eancia era poss\u00edvel trazer \u00e1gua para c\u00e1&#8221;.<\/p>\n\n\n\n<p><strong>Fala em tom eleitoreiro<\/strong><\/p>\n\n\n\n<p>Mais cedo, em outra cerim\u00f4nia da transposi\u00e7\u00e3o em Salgueiro, em Pernambuco, Lula afirmou, em tom de campanha, que&nbsp;<strong>n\u00e3o se pode votar em &#8220;qualquer tranqueira para governar o pa\u00eds&#8221;,<\/strong>&nbsp;ap\u00f3s fazer cr\u00edticas ao governo anterior, do ex-presidente Jair Bolsonaro (PL).<\/p>\n\n\n\n<p>&#8220;O compromisso que voc\u00eas t\u00eam que ter n\u00e3o \u00e9 comigo n\u00e3o, \u00e9 com os filhos de voc\u00eas, \u00e9 com os netos de voc\u00eas, \u00e9 com os pais de voc\u00eas. A gente n\u00e3o pode votar em qualquer tranqueira para governar esse pa\u00eds. \u00c9 preciso votar em gente que tenha compromisso&#8221;, disse.<\/p>\n\n\n\n<p>Ele prosseguiu: &#8220;\u00c9 preciso votar em gente que tenha dignidade. \u00c9 preciso votar em gente que tenha o direito de olhar para voc\u00eas olhando nos olhos de voc\u00eas. Esse pa\u00eds n\u00e3o pode mais sofrer o retrocesso que n\u00f3s sofremos nos \u00faltimos seis anos&#8221;.<\/p>\n\n\n\n<p>&#8220;Tudo que ele sabia fazer era mentir, era fake news, era contar mentira, era ficar no gabinete do \u00f3dio o tempo inteiro. A diferen\u00e7a entre n\u00f3s e eles \u00e9 que n\u00f3s queremos apresentar obras, apresentar melhorias na vida de cada companheiro desse pa\u00eds&#8221;, continuou Lula.<\/p>\n\n\n\n<p>Lula fez um discurso em tom de campanha em Salgueiro, no interior de Pernambuco. Ocasi\u00e3o em que citou realiza\u00e7\u00f5es do seu governo e assinou ordem de servi\u00e7o para a duplica\u00e7\u00e3o da capacidade de bombeamento de \u00e1gua do eixo norte da transposi\u00e7\u00e3o do Rio S\u00e3o Francisco.<\/p>\n\n\n\n<p><strong>Elei\u00e7\u00f5es 2026<\/strong><\/p>\n\n\n\n<p>Lula ainda n\u00e3o definiu se disputar\u00e1 a reelei\u00e7\u00e3o em 2026, por\u00e9m \u00e9 o principal nome do PT para corrida ao Pal\u00e1cio do Planalto.<\/p>\n\n\n\n<p>Aliados e auxiliares do presidente acreditam que ele disputar\u00e1 a pr\u00f3xima elei\u00e7\u00e3o, quando ter\u00e1 80 anos e poder\u00e1 buscar o in\u00e9dito quarto mandato presidencial.<\/p>\n\n\n\n<p><em>Fonte: g1<\/em><\/p>\n","protected":false},"excerpt":{"rendered":"<p>Lula lembrou a import\u00e2ncia das obras de transposi\u00e7\u00e3o do Rio S\u00e3o Francisco e disse que decis\u00e3o foi &#8216;a mais importante que ele j\u00e1 tomou na vida&#8221;.<\/p>\n","protected":false},"author":2,"featured_media":72260,"comment_status":"open","ping_status":"open","sticky":false,"template":"","format":"standard","meta":{"om_disable_all_campaigns":false,"_monsterinsights_skip_tracking":false,"_monsterinsights_sitenote_active":false,"_monsterinsights_sitenote_note":"","_monsterinsights_sitenote_category":0,"footnotes":""},"categories":[34,70,69,21],"tags":[100,71,48,75,4178,4180,8030,129,107,4181,132,230,303,106,203,120,51,109,88,47,224,4267,111,190],"class_list":["post-72268","post","type-post","status-publish","format-standard","has-post-thumbnail","hentry","category-brasil","category-destaques","category-noticias2","category-politica","tag-adustina","tag-antas","tag-araci","tag-cicero-dantas","tag-cipo-2","tag-crisopolis-2","tag-deus","tag-euclides-da-cunha","tag-fatima","tag-heliopolis-2","tag-itapicuru","tag-jeremoabo","tag-lula","tag-nova-soure","tag-novo-triunfo","tag-olindina","tag-paripiranga","tag-quijingue","tag-ribeira-do-amparo","tag-ribeira-do-pombal","tag-rio-sao-francisco","tag-sertao","tag-sitio-do-quinto","tag-tucano"],"aioseo_notices":[],"_links":{"self":[{"href":"https:\/\/www.portalalerta.com.br\/index.php\/wp-json\/wp\/v2\/posts\/72268","targetHints":{"allow":["GET"]}}],"collection":[{"href":"https:\/\/www.portalalerta.com.br\/index.php\/wp-json\/wp\/v2\/posts"}],"about":[{"href":"https:\/\/www.portalalerta.com.br\/index.php\/wp-json\/wp\/v2\/types\/post"}],"author":[{"embeddable":true,"href":"https:\/\/www.portalalerta.com.br\/index.php\/wp-json\/wp\/v2\/users\/2"}],"replies":[{"embeddable":true,"href":"https:\/\/www.portalalerta.com.br\/index.php\/wp-json\/wp\/v2\/comments?post=72268"}],"version-history":[{"count":1,"href":"https:\/\/www.portalalerta.com.br\/index.php\/wp-json\/wp\/v2\/posts\/72268\/revisions"}],"predecessor-version":[{"id":72269,"href":"https:\/\/www.portalalerta.com.br\/index.php\/wp-json\/wp\/v2\/posts\/72268\/revisions\/72269"}],"wp:featuredmedia":[{"embeddable":true,"href":"https:\/\/www.portalalerta.com.br\/index.php\/wp-json\/wp\/v2\/media\/72260"}],"wp:attachment":[{"href":"https:\/\/www.portalalerta.com.br\/index.php\/wp-json\/wp\/v2\/media?parent=72268"}],"wp:term":[{"taxonomy":"category","embeddable":true,"href":"https:\/\/www.portalalerta.com.br\/index.php\/wp-json\/wp\/v2\/categories?post=72268"},{"taxonomy":"post_tag","embeddable":true,"href":"https:\/\/www.portalalerta.com.br\/index.php\/wp-json\/wp\/v2\/tags?post=72268"}],"curies":[{"name":"wp","href":"https:\/\/api.w.org\/{rel}","templated":true}]}}