{"id":72270,"date":"2025-05-29T23:00:00","date_gmt":"2025-05-30T02:00:00","guid":{"rendered":"https:\/\/www.portalalerta.com.br\/?p=72270"},"modified":"2025-05-30T00:07:41","modified_gmt":"2025-05-30T03:07:41","slug":"homem-morre-ao-sofrer-descarga-eletrica-enquanto-trabalhava-em-cipo-ba","status":"publish","type":"post","link":"https:\/\/www.portalalerta.com.br\/index.php\/2025\/05\/29\/homem-morre-ao-sofrer-descarga-eletrica-enquanto-trabalhava-em-cipo-ba\/","title":{"rendered":"Homem morre ao sofrer descarga el\u00e9trica enquanto trabalhava, em Cip\u00f3-BA"},"content":{"rendered":"\n<p>No in\u00edcio da tarde desta quinta-feira (29), um homem de 41 anos, morreu ao sofrer uma descarga el\u00e9trica, quando trabalhava como vidraceiro, numa casa situada \u00e0 Av. Rui Barbosa, centro de Cip\u00f3-BA.<\/p>\n\n\n\n<!--more-->\n\n\n<div class=\"wp-block-image\">\n<figure class=\"alignleft size-large is-resized\"><img fetchpriority=\"high\" decoding=\"async\" src=\"https:\/\/www.portalalerta.com.br\/wp-content\/uploads\/2024\/04\/autoescola-emprego-1024x1024.jpg\" alt=\"\" class=\"wp-image-55693\" width=\"405\" height=\"405\" srcset=\"https:\/\/www.portalalerta.com.br\/wp-content\/uploads\/2024\/04\/autoescola-emprego-1024x1024.jpg 1024w, https:\/\/www.portalalerta.com.br\/wp-content\/uploads\/2024\/04\/autoescola-emprego-240x240.jpg 240w, https:\/\/www.portalalerta.com.br\/wp-content\/uploads\/2024\/04\/autoescola-emprego-768x768.jpg 768w, https:\/\/www.portalalerta.com.br\/wp-content\/uploads\/2024\/04\/autoescola-emprego.jpg 1080w\" sizes=\"(max-width: 405px) 100vw, 405px\" \/><\/figure><\/div>\n\n\n<p>De acordo com informa\u00e7\u00f5es preliminares, Eliel Gon\u00e7alves de Ara\u00fajo, estaria manuseando uma pe\u00e7a met\u00e1lica, e ao se aproximar da rede el\u00e9trica foi atingido pela descarga el\u00e9trica que culminou em sua morte. Equipes do SAMU, bem como policiais militares foram chamados ao local, por\u00e9m a v\u00edtima j\u00e1 se encontrava em \u00f3bito.<\/p>\n\n\n\n<p>Al\u00e9m de Vidraceiro, Eliel era um desportista bastante conhecido na regi\u00e3o. Em Ribeira do Pombal chegou a ser bicampe\u00e3o da Copa Rural de Futebol, atuando pela Rua da Brahma e Barro Vermelho. No \u00faltimo campeonato Municipal, jogou pelo Pombalense, e ap\u00f3s classifica\u00e7\u00e3o para as semifinais, concedeu entrevista ao Rep\u00f3rter Luciano Souza, da Canabrava FM. Na ocasi\u00e3o relembrou os t\u00edtulos conquistados em Ribeira do Pombal, bem como o per\u00edodo em que morou na cidade. <strong>Confira:<\/strong><\/p>\n\n\n\n<figure class=\"wp-block-embed is-type-video is-provider-youtube wp-block-embed-youtube wp-embed-aspect-4-3 wp-has-aspect-ratio\"><div class=\"wp-block-embed__wrapper\">\n<iframe title=\"Homem morre ao sofrer descarga el\u00e9trica enquanto trabalhava, em Cip\u00f3-BA\" width=\"500\" height=\"375\" src=\"https:\/\/www.youtube.com\/embed\/6NFshVbCC1Y?feature=oembed\" frameborder=\"0\" allow=\"accelerometer; autoplay; clipboard-write; encrypted-media; gyroscope; picture-in-picture; web-share\" referrerpolicy=\"strict-origin-when-cross-origin\" allowfullscreen><\/iframe>\n<\/div><\/figure>\n\n\n\n<p><em>Reda\u00e7\u00e3o: Portal Alerta<\/em><\/p>\n","protected":false},"excerpt":{"rendered":"<p>No in\u00edcio da tarde desta quinta-feira (29), um homem de 41 anos, morreu ao sofrer uma descarga el\u00e9trica, quando trabalhava como vidraceiro, numa casa situada \u00e0 Av. Rui Barbosa, centro de Cip\u00f3-BA.<\/p>\n","protected":false},"author":2,"featured_media":72262,"comment_status":"open","ping_status":"open","sticky":false,"template":"","format":"standard","meta":{"om_disable_all_campaigns":false,"_monsterinsights_skip_tracking":false,"_monsterinsights_sitenote_active":false,"_monsterinsights_sitenote_note":"","_monsterinsights_sitenote_category":0,"footnotes":""},"categories":[13,70,69,32,68],"tags":[100,71,48,1710,75,4178,4180,3365,129,107,4181,132,230,169,106,203,120,51,109,88,47,111,190],"class_list":["post-72270","post","type-post","status-publish","format-standard","has-post-thumbnail","hentry","category-cipo","category-destaques","category-noticias2","category-regiao","category-videos","tag-adustina","tag-antas","tag-araci","tag-choque-eletrico","tag-cicero-dantas","tag-cipo-2","tag-crisopolis-2","tag-descarga-eletrica","tag-euclides-da-cunha","tag-fatima","tag-heliopolis-2","tag-itapicuru","tag-jeremoabo","tag-morte","tag-nova-soure","tag-novo-triunfo","tag-olindina","tag-paripiranga","tag-quijingue","tag-ribeira-do-amparo","tag-ribeira-do-pombal","tag-sitio-do-quinto","tag-tucano"],"aioseo_notices":[],"_links":{"self":[{"href":"https:\/\/www.portalalerta.com.br\/index.php\/wp-json\/wp\/v2\/posts\/72270","targetHints":{"allow":["GET"]}}],"collection":[{"href":"https:\/\/www.portalalerta.com.br\/index.php\/wp-json\/wp\/v2\/posts"}],"about":[{"href":"https:\/\/www.portalalerta.com.br\/index.php\/wp-json\/wp\/v2\/types\/post"}],"author":[{"embeddable":true,"href":"https:\/\/www.portalalerta.com.br\/index.php\/wp-json\/wp\/v2\/users\/2"}],"replies":[{"embeddable":true,"href":"https:\/\/www.portalalerta.com.br\/index.php\/wp-json\/wp\/v2\/comments?post=72270"}],"version-history":[{"count":2,"href":"https:\/\/www.portalalerta.com.br\/index.php\/wp-json\/wp\/v2\/posts\/72270\/revisions"}],"predecessor-version":[{"id":72272,"href":"https:\/\/www.portalalerta.com.br\/index.php\/wp-json\/wp\/v2\/posts\/72270\/revisions\/72272"}],"wp:featuredmedia":[{"embeddable":true,"href":"https:\/\/www.portalalerta.com.br\/index.php\/wp-json\/wp\/v2\/media\/72262"}],"wp:attachment":[{"href":"https:\/\/www.portalalerta.com.br\/index.php\/wp-json\/wp\/v2\/media?parent=72270"}],"wp:term":[{"taxonomy":"category","embeddable":true,"href":"https:\/\/www.portalalerta.com.br\/index.php\/wp-json\/wp\/v2\/categories?post=72270"},{"taxonomy":"post_tag","embeddable":true,"href":"https:\/\/www.portalalerta.com.br\/index.php\/wp-json\/wp\/v2\/tags?post=72270"}],"curies":[{"name":"wp","href":"https:\/\/api.w.org\/{rel}","templated":true}]}}