{"id":72300,"date":"2025-06-01T17:15:42","date_gmt":"2025-06-01T20:15:42","guid":{"rendered":"https:\/\/www.portalalerta.com.br\/?p=72300"},"modified":"2025-06-01T17:15:43","modified_gmt":"2025-06-01T20:15:43","slug":"acusado-de-sequestro-e-carcere-privado-em-tucano-ba-e-preso-em-euclides-da-cunha-ba","status":"publish","type":"post","link":"https:\/\/www.portalalerta.com.br\/index.php\/2025\/06\/01\/acusado-de-sequestro-e-carcere-privado-em-tucano-ba-e-preso-em-euclides-da-cunha-ba\/","title":{"rendered":"Acusado de sequestro e c\u00e1rcere privado em Tucano-BA \u00e9 preso em Euclides da Cunha-BA"},"content":{"rendered":"\n<p>Na \u00faltima quinta-feira (29), policiais civis de Euclides da Cunha-BA se dirigiram at\u00e9 a Av. Almerindo Rehem, centro da cidade, com a finalidade de apurarem uma den\u00fancia, que apontava a presen\u00e7a de um procurado da justi\u00e7a no referido local.<\/p>\n\n\n\n<!--more-->\n\n\n\n<p>Na ocasi\u00e3o, os investigadores constataram a veracidade da den\u00fancia, que possibilitou a pris\u00e3o do criminoso identificado pelas iniciais J.R de J.S.A, de 45 anos. O homem fazia parte da lista de procurados disponibilizada pela 25\u00aa COORPIN em suas redes sociais. Contra ele, existia um mandado de pris\u00e3o em aberto, lavrado pela Comarca de Tucano-BA, onde \u00e9 acusado das pr\u00e1ticas de sequestro e c\u00e1rcere privado.<\/p>\n\n\n\n<p>Ap\u00f3s a captura, o criminoso foi conduzido para a carceragem da Delegacia de Pol\u00edcia Civil da cidade, onde se encontra custodiado \u00e0 disposi\u00e7\u00e3o da justi\u00e7a.<\/p>\n\n\n\n<p><em>Reda\u00e7\u00e3o: Portal Alerta<\/em><\/p>\n","protected":false},"excerpt":{"rendered":"<p>Na \u00faltima quinta-feira (29), policiais civis de Euclides da Cunha-BA se dirigiram at\u00e9 a Av. Almerindo Rehem, centro da cidade, com a finalidade de apurarem uma den\u00fancia, que apontava a presen\u00e7a de um procurado da justi\u00e7a no referido local.<\/p>\n","protected":false},"author":2,"featured_media":15607,"comment_status":"open","ping_status":"open","sticky":false,"template":"","format":"standard","meta":{"om_disable_all_campaigns":false,"_monsterinsights_skip_tracking":false,"_monsterinsights_sitenote_active":false,"_monsterinsights_sitenote_note":"","_monsterinsights_sitenote_category":0,"footnotes":""},"categories":[70,17,69,32,22,12],"tags":[557,100,71,48,458,75,4178,4180,129,107,4181,132,230,488,106,203,120,51,122,77,109,88,47,136,111,190],"class_list":["post-72300","post","type-post","status-publish","format-standard","has-post-thumbnail","hentry","category-destaques","category-euclides-da-cunha","category-noticias2","category-regiao","category-seguranca","category-tucano","tag-25a-coorpin","tag-adustina","tag-antas","tag-araci","tag-carcere-privado","tag-cicero-dantas","tag-cipo-2","tag-crisopolis-2","tag-euclides-da-cunha","tag-fatima","tag-heliopolis-2","tag-itapicuru","tag-jeremoabo","tag-mandado-de-prisao","tag-nova-soure","tag-novo-triunfo","tag-olindina","tag-paripiranga","tag-policia-civil","tag-preso","tag-quijingue","tag-ribeira-do-amparo","tag-ribeira-do-pombal","tag-sequestro","tag-sitio-do-quinto","tag-tucano"],"aioseo_notices":[],"_links":{"self":[{"href":"https:\/\/www.portalalerta.com.br\/index.php\/wp-json\/wp\/v2\/posts\/72300","targetHints":{"allow":["GET"]}}],"collection":[{"href":"https:\/\/www.portalalerta.com.br\/index.php\/wp-json\/wp\/v2\/posts"}],"about":[{"href":"https:\/\/www.portalalerta.com.br\/index.php\/wp-json\/wp\/v2\/types\/post"}],"author":[{"embeddable":true,"href":"https:\/\/www.portalalerta.com.br\/index.php\/wp-json\/wp\/v2\/users\/2"}],"replies":[{"embeddable":true,"href":"https:\/\/www.portalalerta.com.br\/index.php\/wp-json\/wp\/v2\/comments?post=72300"}],"version-history":[{"count":1,"href":"https:\/\/www.portalalerta.com.br\/index.php\/wp-json\/wp\/v2\/posts\/72300\/revisions"}],"predecessor-version":[{"id":72301,"href":"https:\/\/www.portalalerta.com.br\/index.php\/wp-json\/wp\/v2\/posts\/72300\/revisions\/72301"}],"wp:featuredmedia":[{"embeddable":true,"href":"https:\/\/www.portalalerta.com.br\/index.php\/wp-json\/wp\/v2\/media\/15607"}],"wp:attachment":[{"href":"https:\/\/www.portalalerta.com.br\/index.php\/wp-json\/wp\/v2\/media?parent=72300"}],"wp:term":[{"taxonomy":"category","embeddable":true,"href":"https:\/\/www.portalalerta.com.br\/index.php\/wp-json\/wp\/v2\/categories?post=72300"},{"taxonomy":"post_tag","embeddable":true,"href":"https:\/\/www.portalalerta.com.br\/index.php\/wp-json\/wp\/v2\/tags?post=72300"}],"curies":[{"name":"wp","href":"https:\/\/api.w.org\/{rel}","templated":true}]}}