{"id":72304,"date":"2025-06-01T17:20:17","date_gmt":"2025-06-01T20:20:17","guid":{"rendered":"https:\/\/www.portalalerta.com.br\/?p=72304"},"modified":"2025-06-01T18:20:01","modified_gmt":"2025-06-01T21:20:01","slug":"morre-rico-ex-vice-prefeito-de-banzae-ba","status":"publish","type":"post","link":"https:\/\/www.portalalerta.com.br\/index.php\/2025\/06\/01\/morre-rico-ex-vice-prefeito-de-banzae-ba\/","title":{"rendered":"Morre \u201cRico\u201d ex vice-prefeito de Banza\u00ea-BA"},"content":{"rendered":"\n<p>Faleceu na madrugada deste domingo, 1\u00ba de junho de 2025, por volta das 4h, o ex vice-prefeito de Banza\u00ea (BA), Erivaldo Cardoso Calazans, popularmente conhecido como \u201cEurico ou Rico\u201d.<\/p>\n\n\n\n<!--more-->\n\n\n\n<p>Eurico, de 66 anos, sentiu-se mal na noite de s\u00e1bado, 24 de maio. Ele dirigiu seu ve\u00edculo em dire\u00e7\u00e3o ao Hospital Geral Santa Teresa, em Ribeira do Pombal (BA), mas, ao se aproximar da unidade, n\u00e3o conseguiu mais conduzir o carro e caminhou at\u00e9 a emerg\u00eancia para ser atendido.<\/p>\n\n\n<div class=\"wp-block-image\">\n<figure class=\"alignleft size-large is-resized\"><img fetchpriority=\"high\" decoding=\"async\" src=\"https:\/\/www.portalalerta.com.br\/wp-content\/uploads\/2025\/05\/Real-dia-das-maes-2025-819x1024.jpeg\" alt=\"\" class=\"wp-image-71620\" width=\"401\" height=\"501\" srcset=\"https:\/\/www.portalalerta.com.br\/wp-content\/uploads\/2025\/05\/Real-dia-das-maes-2025-819x1024.jpeg 819w, https:\/\/www.portalalerta.com.br\/wp-content\/uploads\/2025\/05\/Real-dia-das-maes-2025-192x240.jpeg 192w, https:\/\/www.portalalerta.com.br\/wp-content\/uploads\/2025\/05\/Real-dia-das-maes-2025-768x960.jpeg 768w, https:\/\/www.portalalerta.com.br\/wp-content\/uploads\/2025\/05\/Real-dia-das-maes-2025.jpeg 1024w\" sizes=\"(max-width: 401px) 100vw, 401px\" \/><\/figure><\/div>\n\n\n<p>Ap\u00f3s ser internado na Unidade de Terapia Intensiva (UTI), Eurico permaneceu entubado por alguns dias. Com a retirada da seda\u00e7\u00e3o, apresentou melhora e chegou a conversar com familiares durante a visita do dia anterior ao seu falecimento. Havia expectativa de transfer\u00eancia para Salvador, onde seria submetido a uma poss\u00edvel cirurgia. No entanto, na madrugada deste domingo, sofreu uma parada card\u00edaca. Apesar dos esfor\u00e7os da equipe m\u00e9dica para reanim\u00e1-lo, o \u00f3bito foi confirmado \u00e0s 4h.<\/p>\n\n\n\n<p>Filho do saudoso Edval Calasans de Mac\u00eado (Div\u00e1), ex-prefeito de Ribeira do Pombal e Banza\u00ea, e irm\u00e3o do saudoso Edvaldo Cardoso Calasans (Dad\u00e1), prefeito por duas vezes em Ribeira do Pombal, Eurico &nbsp;tamb\u00e9m fez hist\u00f3ria na pol\u00edtica, quando foi vice-prefeito de Banza\u00ea, entre 2001 e 2004, per\u00edodo em que Jos\u00e9 Ribeiro de Moraes (Z\u00e9 Leal), comandou o executivo local. Erivaldo tamb\u00e9m era irm\u00e3o de Erivalter Cardoso Calazans, o popular Pag\u00e3o. \u201cRico\u201d deixa uma filha, Itana Rayssa Fraz\u00e3o Ara\u00fajo Calazans. Familiares e amigos lamentam muito essa grande perda.<\/p>\n\n\n\n<p>A prefeitura Municipal de Banza\u00ea decretou Luto Oficial por 03 dias em decorr\u00eancia do falecimento do ex-vice prefeito.<\/p>\n\n\n<div class=\"wp-block-image\">\n<figure class=\"aligncenter size-large\"><img decoding=\"async\" width=\"600\" height=\"1024\" src=\"https:\/\/www.portalalerta.com.br\/wp-content\/uploads\/2025\/06\/luto-em-Banzae-por-morte-de-Rico-2025-600x1024.jpeg\" alt=\"\" class=\"wp-image-72323\" srcset=\"https:\/\/www.portalalerta.com.br\/wp-content\/uploads\/2025\/06\/luto-em-Banzae-por-morte-de-Rico-2025-600x1024.jpeg 600w, https:\/\/www.portalalerta.com.br\/wp-content\/uploads\/2025\/06\/luto-em-Banzae-por-morte-de-Rico-2025-141x240.jpeg 141w, https:\/\/www.portalalerta.com.br\/wp-content\/uploads\/2025\/06\/luto-em-Banzae-por-morte-de-Rico-2025.jpeg 750w\" sizes=\"(max-width: 600px) 100vw, 600px\" \/><\/figure><\/div>\n\n\n<p>O vel\u00f3rio foi &nbsp;realizado no Plano Pombal, em frente ao Cemit\u00e9rio Senhor da Ascens\u00e3o, onde o sepultamento ocorreu \u00e0s 17h deste domingo.<\/p>\n\n\n\n<p><strong>FONTE: <\/strong><a href=\"https:\/\/pombalnoticias.com.br\/2025\/06\/01\/morre-eurico-ex-candidato-a-prefeito-de-banzae-aos-66-anos\/\"><strong>Pombal Not\u00edcias<\/strong><\/a><\/p>\n\n\n\n<p><em>Edi\u00e7\u00e3o: Portal Alerta<\/em><\/p>\n","protected":false},"excerpt":{"rendered":"<p>Faleceu na madrugada deste domingo, 1\u00ba de junho de 2025, por volta das 4h, o ex vice-prefeito de Banza\u00ea (BA), Erivaldo Cardoso Calazans, popularmente conhecido como \u201cEurico ou Rico\u201d.<\/p>\n","protected":false},"author":2,"featured_media":72297,"comment_status":"open","ping_status":"open","sticky":false,"template":"","format":"standard","meta":{"om_disable_all_campaigns":false,"_monsterinsights_skip_tracking":false,"_monsterinsights_sitenote_active":false,"_monsterinsights_sitenote_note":"","_monsterinsights_sitenote_category":0,"footnotes":""},"categories":[39,70,69,21,32,3],"tags":[100,71,48,75,4178,4180,129,8033,107,4181,151,132,230,169,106,203,120,51,109,88,47,111,190],"class_list":["post-72304","post","type-post","status-publish","format-standard","has-post-thumbnail","hentry","category-banzae","category-destaques","category-noticias2","category-politica","category-regiao","category-ribeira-do-pombal","tag-adustina","tag-antas","tag-araci","tag-cicero-dantas","tag-cipo-2","tag-crisopolis-2","tag-euclides-da-cunha","tag-ex-vice-prefeito","tag-fatima","tag-heliopolis-2","tag-hgst","tag-itapicuru","tag-jeremoabo","tag-morte","tag-nova-soure","tag-novo-triunfo","tag-olindina","tag-paripiranga","tag-quijingue","tag-ribeira-do-amparo","tag-ribeira-do-pombal","tag-sitio-do-quinto","tag-tucano"],"aioseo_notices":[],"_links":{"self":[{"href":"https:\/\/www.portalalerta.com.br\/index.php\/wp-json\/wp\/v2\/posts\/72304","targetHints":{"allow":["GET"]}}],"collection":[{"href":"https:\/\/www.portalalerta.com.br\/index.php\/wp-json\/wp\/v2\/posts"}],"about":[{"href":"https:\/\/www.portalalerta.com.br\/index.php\/wp-json\/wp\/v2\/types\/post"}],"author":[{"embeddable":true,"href":"https:\/\/www.portalalerta.com.br\/index.php\/wp-json\/wp\/v2\/users\/2"}],"replies":[{"embeddable":true,"href":"https:\/\/www.portalalerta.com.br\/index.php\/wp-json\/wp\/v2\/comments?post=72304"}],"version-history":[{"count":3,"href":"https:\/\/www.portalalerta.com.br\/index.php\/wp-json\/wp\/v2\/posts\/72304\/revisions"}],"predecessor-version":[{"id":72394,"href":"https:\/\/www.portalalerta.com.br\/index.php\/wp-json\/wp\/v2\/posts\/72304\/revisions\/72394"}],"wp:featuredmedia":[{"embeddable":true,"href":"https:\/\/www.portalalerta.com.br\/index.php\/wp-json\/wp\/v2\/media\/72297"}],"wp:attachment":[{"href":"https:\/\/www.portalalerta.com.br\/index.php\/wp-json\/wp\/v2\/media?parent=72304"}],"wp:term":[{"taxonomy":"category","embeddable":true,"href":"https:\/\/www.portalalerta.com.br\/index.php\/wp-json\/wp\/v2\/categories?post=72304"},{"taxonomy":"post_tag","embeddable":true,"href":"https:\/\/www.portalalerta.com.br\/index.php\/wp-json\/wp\/v2\/tags?post=72304"}],"curies":[{"name":"wp","href":"https:\/\/api.w.org\/{rel}","templated":true}]}}