{"id":72400,"date":"2025-06-02T06:01:00","date_gmt":"2025-06-02T09:01:00","guid":{"rendered":"https:\/\/www.portalalerta.com.br\/?p=72400"},"modified":"2025-06-01T23:31:44","modified_gmt":"2025-06-02T02:31:44","slug":"lula-precisamos-de-maioria-no-senado-senao-vao-avacalhar-o-stf","status":"publish","type":"post","link":"https:\/\/www.portalalerta.com.br\/index.php\/2025\/06\/02\/lula-precisamos-de-maioria-no-senado-senao-vao-avacalhar-o-stf\/","title":{"rendered":"Lula: Precisamos de maioria no Senado, sen\u00e3o v\u00e3o &#8220;avacalhar&#8221; o STF"},"content":{"rendered":"\n<p>Presidente tamb\u00e9m disse que, &#8220;se estiver bonit\u00e3o, apaixonado e motivado, a extrema direita n\u00e3o volta nunca mais a governar esse pa\u00eds&#8221;<\/p>\n\n\n\n<!--more-->\n\n\n\n<p>Durante discurso no&nbsp;congresso&nbsp;nacional do PSB&nbsp;neste domingo (1\u00ba), o presidente Luiz In\u00e1cio Lula da Silva (PT) disse que a esquerda precisa de&nbsp;&#8220;maioria no Senado&#8221;, caso contr\u00e1rio, a oposi\u00e7\u00e3o ir\u00e1&nbsp;&#8220;avacalhar&#8221;&nbsp;o Supremo Tribunal Federal (STF).<\/p>\n\n\n\n<p>&#8220;<a href=\"https:\/\/www.cnnbrasil.com.br\/politica\/joao-campos-assume-psb-e-quer-alckmin-com-lula-em-2026\/\" target=\"_blank\" rel=\"noreferrer noopener\">Em 2026 precisamos eleger senadores da Rep\u00fablica<\/a>. Porque se esses caras elegerem a maioria dos senadores, v\u00e3o fazer uma muvuca nesse pa\u00eds&#8221;, afirmou.<\/p>\n\n\n\n<p><a href=\"https:\/\/www.cnnbrasil.com.br\/politica\/lula-faz-gesto-a-hugo-em-meio-a-pressao-do-congresso-sobre-o-iof\/\">Lula para Hugo em meio \u00e0 press\u00e3o pelo IOF: ser\u00e1 &#8220;bem tratado pela esquerda&#8221;<\/a><\/p>\n\n\n\n<p>&#8220;Para o Brasil, tem que pensar onde a gente pode eleger e pegar os melhores quadros e eleger senador, deputado, porque n\u00f3s precisamos ganhar maioria no Senado.&nbsp;Porque, sen\u00e3o, v\u00e3o avacalhar com a Suprema Corte&#8221;, enfatizou.<\/p>\n\n\n\n<p>Tanto o PL, do ex-presidente Jair Bolsonaro, como o PT, est\u00e3o dispostos a&nbsp;<a href=\"https:\/\/www.cnnbrasil.com.br\/blogs\/pedro-venceslau\/politica\/senado-vira-prioridade-em-2026-para-pl-e-pt\/\" target=\"_blank\" rel=\"noreferrer noopener\">abrir m\u00e3o de lan\u00e7ar candidatos a governos estaduais<\/a>&nbsp;para emplacar nomes competitivos no Senado, como apurou o analista da&nbsp;CNN&nbsp;Pedro Venceslau.<\/p>\n\n\n\n<p>Para Bolsonaro e seu grupo pol\u00edtico, ter for\u00e7a no Senado pode facilitar a&nbsp;<a href=\"https:\/\/www.cnnbrasil.com.br\/politica\/senado-acumula-55-pedidos-de-impeachment-contra-ministros-do-stf\/\" target=\"_blank\" rel=\"noreferrer noopener\">abertura de processos de impeachment contra ministros Supremo Tribunal Federal (STF)<\/a>.<\/p>\n\n\n\n<p>Em 2026, os eleitores v\u00e3o eleger dois senadores por estado, o que pode levar a uma renova\u00e7\u00e3o de at\u00e9 2\/3 da Casa, onde os eleitos cumprem mandatos de oito anos.<\/p>\n\n\n\n<p>&#8220;Precisamos preservar as institui\u00e7\u00f5es que&nbsp;<a href=\"https:\/\/www.cnnbrasil.com.br\/politica\/lula-diz-que-alckmin-e-licao-da-democracia-e-cita-alianca-impensavel\/\" target=\"_blank\" rel=\"noreferrer noopener\">garantem o exerc\u00edcio da democracia<\/a>&#8220;, acrescentou.<\/p>\n\n\n\n<p>No fim do discurso, o presidente declarou que, por ele,&nbsp;<a href=\"https:\/\/www.cnnbrasil.com.br\/politica\/haddad-em-apoio-a-edinho-vamos-dar-trabalho-para-essa-extrema-direita\/\" target=\"_blank\" rel=\"noreferrer noopener\">a extrema direita n\u00e3o volta a governar o Brasil<\/a>.<\/p>\n\n\n\n<p>&#8220;Se eu estiver bonit\u00e3o do jeito que eu estou, apaixonado e motivado, a extrema direita n\u00e3o volta nunca mais a governar esse pa\u00eds&#8221;, concluiu.<\/p>\n\n\n\n<p><em>Fonte: CNN<\/em><\/p>\n","protected":false},"excerpt":{"rendered":"<p>Presidente tamb\u00e9m disse que, &#8220;se estiver bonit\u00e3o, apaixonado e motivado, a extrema direita n\u00e3o volta nunca mais a governar esse pa\u00eds&#8221;<\/p>\n","protected":false},"author":2,"featured_media":3305,"comment_status":"open","ping_status":"open","sticky":false,"template":"","format":"standard","meta":{"om_disable_all_campaigns":false,"_monsterinsights_skip_tracking":false,"_monsterinsights_sitenote_active":false,"_monsterinsights_sitenote_note":"","_monsterinsights_sitenote_category":0,"footnotes":""},"categories":[34,70,69,21],"tags":[100,71,48,75,4178,4180,129,107,4181,132,230,303,106,203,120,51,109,88,47,235,111,190],"class_list":["post-72400","post","type-post","status-publish","format-standard","has-post-thumbnail","hentry","category-brasil","category-destaques","category-noticias2","category-politica","tag-adustina","tag-antas","tag-araci","tag-cicero-dantas","tag-cipo-2","tag-crisopolis-2","tag-euclides-da-cunha","tag-fatima","tag-heliopolis-2","tag-itapicuru","tag-jeremoabo","tag-lula","tag-nova-soure","tag-novo-triunfo","tag-olindina","tag-paripiranga","tag-quijingue","tag-ribeira-do-amparo","tag-ribeira-do-pombal","tag-senado-federal","tag-sitio-do-quinto","tag-tucano"],"aioseo_notices":[],"_links":{"self":[{"href":"https:\/\/www.portalalerta.com.br\/index.php\/wp-json\/wp\/v2\/posts\/72400","targetHints":{"allow":["GET"]}}],"collection":[{"href":"https:\/\/www.portalalerta.com.br\/index.php\/wp-json\/wp\/v2\/posts"}],"about":[{"href":"https:\/\/www.portalalerta.com.br\/index.php\/wp-json\/wp\/v2\/types\/post"}],"author":[{"embeddable":true,"href":"https:\/\/www.portalalerta.com.br\/index.php\/wp-json\/wp\/v2\/users\/2"}],"replies":[{"embeddable":true,"href":"https:\/\/www.portalalerta.com.br\/index.php\/wp-json\/wp\/v2\/comments?post=72400"}],"version-history":[{"count":1,"href":"https:\/\/www.portalalerta.com.br\/index.php\/wp-json\/wp\/v2\/posts\/72400\/revisions"}],"predecessor-version":[{"id":72401,"href":"https:\/\/www.portalalerta.com.br\/index.php\/wp-json\/wp\/v2\/posts\/72400\/revisions\/72401"}],"wp:featuredmedia":[{"embeddable":true,"href":"https:\/\/www.portalalerta.com.br\/index.php\/wp-json\/wp\/v2\/media\/3305"}],"wp:attachment":[{"href":"https:\/\/www.portalalerta.com.br\/index.php\/wp-json\/wp\/v2\/media?parent=72400"}],"wp:term":[{"taxonomy":"category","embeddable":true,"href":"https:\/\/www.portalalerta.com.br\/index.php\/wp-json\/wp\/v2\/categories?post=72400"},{"taxonomy":"post_tag","embeddable":true,"href":"https:\/\/www.portalalerta.com.br\/index.php\/wp-json\/wp\/v2\/tags?post=72400"}],"curies":[{"name":"wp","href":"https:\/\/api.w.org\/{rel}","templated":true}]}}