{"id":72404,"date":"2025-06-02T06:03:00","date_gmt":"2025-06-02T09:03:00","guid":{"rendered":"https:\/\/www.portalalerta.com.br\/?p=72404"},"modified":"2025-06-01T23:38:54","modified_gmt":"2025-06-02T02:38:54","slug":"juiz-edinaldo-cesar-junior-e-encontrado-morto-em-aracaju","status":"publish","type":"post","link":"https:\/\/www.portalalerta.com.br\/index.php\/2025\/06\/02\/juiz-edinaldo-cesar-junior-e-encontrado-morto-em-aracaju\/","title":{"rendered":"Juiz Edinaldo C\u00e9sar J\u00fanior \u00e9 encontrado morto em Aracaju"},"content":{"rendered":"\n<p>Ele teve trajet\u00f3ria marcada por projetos voltados \u00e0 inf\u00e2ncia e aos direitos humanos<\/p>\n\n\n\n<!--more-->\n\n\n<div class=\"wp-block-image\">\n<figure class=\"alignleft size-large is-resized\"><img fetchpriority=\"high\" decoding=\"async\" src=\"https:\/\/www.portalalerta.com.br\/wp-content\/uploads\/2025\/05\/Real-dia-das-maes-2025-819x1024.jpeg\" alt=\"\" class=\"wp-image-71620\" width=\"395\" height=\"494\" srcset=\"https:\/\/www.portalalerta.com.br\/wp-content\/uploads\/2025\/05\/Real-dia-das-maes-2025-819x1024.jpeg 819w, https:\/\/www.portalalerta.com.br\/wp-content\/uploads\/2025\/05\/Real-dia-das-maes-2025-192x240.jpeg 192w, https:\/\/www.portalalerta.com.br\/wp-content\/uploads\/2025\/05\/Real-dia-das-maes-2025-768x960.jpeg 768w, https:\/\/www.portalalerta.com.br\/wp-content\/uploads\/2025\/05\/Real-dia-das-maes-2025.jpeg 1024w\" sizes=\"(max-width: 395px) 100vw, 395px\" \/><\/figure><\/div>\n\n\n<p>O juiz Edinaldo C\u00e9sar Santos J\u00fanior foi&nbsp;<a href=\"https:\/\/www.correio24horas.com.br\/brasil\/promotora-livia-vaz-lamenta-morte-do-juiz-edinaldo-cezar-atonita-0625\" target=\"_blank\" rel=\"noreferrer noopener\">encontrado morto<\/a>&nbsp;neste domingo (1\u00ba), em uma casa no Bairro Atalaia, em Aracaju. De acordo com a Secretaria de Seguran\u00e7a P\u00fablica de Sergipe (SSP), n\u00e3o foram identificados sinais de viol\u00eancia no corpo nem no local. A causa da morte ser\u00e1 esclarecida ap\u00f3s exames realizados pelo Instituto de An\u00e1lise e Pesquisa Forense.<\/p>\n\n\n\n<p>Edinaldo J\u00fanior era juiz auxiliar da Presid\u00eancia do Conselho Nacional de Justi\u00e7a (CNJ). Ele tamb\u00e9m teve atua\u00e7\u00e3o destacada no Tribunal de Justi\u00e7a de Sergipe (TJ-SE), onde coordenou projetos voltados \u00e0 inf\u00e2ncia, \u00e0 juventude e aos direitos humanos.<\/p>\n\n\n\n<p>&#8220;O magistrado contribuiu significativamente para importantes projetos e pol\u00edticas institucionais em prol da efici\u00eancia e da moderniza\u00e7\u00e3o do Judici\u00e1rio&#8221;, informou o TJ-SE em nota publicada nas redes sociais.<\/p>\n\n\n\n<p>At\u00e9 o momento, n\u00e3o h\u00e1 informa\u00e7\u00f5es sobre vel\u00f3rio e sepultamento.<\/p>\n\n\n\n<p><em>Fonte: Correio 24horas<\/em><\/p>\n","protected":false},"excerpt":{"rendered":"<p>Ele teve trajet\u00f3ria marcada por projetos voltados \u00e0 inf\u00e2ncia e aos direitos humanos<\/p>\n","protected":false},"author":2,"featured_media":72397,"comment_status":"open","ping_status":"open","sticky":false,"template":"","format":"standard","meta":{"om_disable_all_campaigns":false,"_monsterinsights_skip_tracking":false,"_monsterinsights_sitenote_active":false,"_monsterinsights_sitenote_note":"","_monsterinsights_sitenote_category":0,"footnotes":""},"categories":[34,70,69,22],"tags":[100,71,487,48,75,4178,566,4180,129,107,4181,132,230,462,169,106,203,120,51,109,88,47,111,190],"class_list":["post-72404","post","type-post","status-publish","format-standard","has-post-thumbnail","hentry","category-brasil","category-destaques","category-noticias2","category-seguranca","tag-adustina","tag-antas","tag-aracaju","tag-araci","tag-cicero-dantas","tag-cipo-2","tag-cnj","tag-crisopolis-2","tag-euclides-da-cunha","tag-fatima","tag-heliopolis-2","tag-itapicuru","tag-jeremoabo","tag-juiz","tag-morte","tag-nova-soure","tag-novo-triunfo","tag-olindina","tag-paripiranga","tag-quijingue","tag-ribeira-do-amparo","tag-ribeira-do-pombal","tag-sitio-do-quinto","tag-tucano"],"aioseo_notices":[],"_links":{"self":[{"href":"https:\/\/www.portalalerta.com.br\/index.php\/wp-json\/wp\/v2\/posts\/72404","targetHints":{"allow":["GET"]}}],"collection":[{"href":"https:\/\/www.portalalerta.com.br\/index.php\/wp-json\/wp\/v2\/posts"}],"about":[{"href":"https:\/\/www.portalalerta.com.br\/index.php\/wp-json\/wp\/v2\/types\/post"}],"author":[{"embeddable":true,"href":"https:\/\/www.portalalerta.com.br\/index.php\/wp-json\/wp\/v2\/users\/2"}],"replies":[{"embeddable":true,"href":"https:\/\/www.portalalerta.com.br\/index.php\/wp-json\/wp\/v2\/comments?post=72404"}],"version-history":[{"count":1,"href":"https:\/\/www.portalalerta.com.br\/index.php\/wp-json\/wp\/v2\/posts\/72404\/revisions"}],"predecessor-version":[{"id":72405,"href":"https:\/\/www.portalalerta.com.br\/index.php\/wp-json\/wp\/v2\/posts\/72404\/revisions\/72405"}],"wp:featuredmedia":[{"embeddable":true,"href":"https:\/\/www.portalalerta.com.br\/index.php\/wp-json\/wp\/v2\/media\/72397"}],"wp:attachment":[{"href":"https:\/\/www.portalalerta.com.br\/index.php\/wp-json\/wp\/v2\/media?parent=72404"}],"wp:term":[{"taxonomy":"category","embeddable":true,"href":"https:\/\/www.portalalerta.com.br\/index.php\/wp-json\/wp\/v2\/categories?post=72404"},{"taxonomy":"post_tag","embeddable":true,"href":"https:\/\/www.portalalerta.com.br\/index.php\/wp-json\/wp\/v2\/tags?post=72404"}],"curies":[{"name":"wp","href":"https:\/\/api.w.org\/{rel}","templated":true}]}}