{"id":72415,"date":"2025-06-02T23:03:39","date_gmt":"2025-06-03T02:03:39","guid":{"rendered":"https:\/\/www.portalalerta.com.br\/?p=72415"},"modified":"2025-06-02T23:05:30","modified_gmt":"2025-06-03T02:05:30","slug":"governo-e-cupula-do-congresso-trabalham-juntos-em-alternativa-ao-iof","status":"publish","type":"post","link":"https:\/\/www.portalalerta.com.br\/index.php\/2025\/06\/02\/governo-e-cupula-do-congresso-trabalham-juntos-em-alternativa-ao-iof\/","title":{"rendered":"Governo e c\u00fapula do Congresso trabalham juntos em alternativa ao IOF"},"content":{"rendered":"\n<p><strong>Ministro da Fazenda elogia presidentes da C\u00e2mara e do Senado, enquanto lideran\u00e7as se re\u00fanem para discutir medidas compensat\u00f3rias<\/strong><\/p>\n\n\n\n<!--more-->\n\n\n\n<p><strong>O governo federal e a c\u00fapula do Congresso Nacional est\u00e3o empenhados em encontrar uma solu\u00e7\u00e3o para a pol\u00eamica envolvendo o aumento do Imposto sobre Opera\u00e7\u00f5es Financeiras (IOF), informa a analista de Pol\u00edtica da&nbsp;CNN&nbsp;Jussara Soares.<\/strong><\/p>\n\n\n\n<p><strong>O ministro da Fazenda, Fernando Haddad, elogiou os presidentes da C\u00e2mara, Hugo Motta, e do Senado, Davi Alcolumbre, destacando suas contribui\u00e7\u00f5es para o debate sobre o tema.<\/strong><\/p>\n\n\n<div class=\"wp-block-image\">\n<figure class=\"alignleft size-large is-resized\"><img fetchpriority=\"high\" decoding=\"async\" src=\"https:\/\/www.portalalerta.com.br\/wp-content\/uploads\/2024\/04\/autoescola-emprego-1024x1024.jpg\" alt=\"\" class=\"wp-image-55693\" width=\"435\" height=\"435\" srcset=\"https:\/\/www.portalalerta.com.br\/wp-content\/uploads\/2024\/04\/autoescola-emprego-1024x1024.jpg 1024w, https:\/\/www.portalalerta.com.br\/wp-content\/uploads\/2024\/04\/autoescola-emprego-240x240.jpg 240w, https:\/\/www.portalalerta.com.br\/wp-content\/uploads\/2024\/04\/autoescola-emprego-768x768.jpg 768w, https:\/\/www.portalalerta.com.br\/wp-content\/uploads\/2024\/04\/autoescola-emprego.jpg 1080w\" sizes=\"(max-width: 435px) 100vw, 435px\" \/><\/figure><\/div>\n\n\n<p><strong>O afago do ministro Haddad aos l\u00edderes do Legislativo segue a linha do discurso feito pelo presidente Lula durante o congresso do PSB no \u00faltimo domingo. Lula havia elogiado Hugo Motta, chamando-o de &#8220;novidade na pol\u00edtica&#8221; e &#8220;renova\u00e7\u00e3o&#8221;, em um gesto estrat\u00e9gico para amenizar as tens\u00f5es.<\/strong><\/p>\n\n\n\n<p><strong>Press\u00e3o do Congresso e busca por alternativas<\/strong><\/p>\n\n\n\n<p><strong>Na semana passada, Hugo Motta havia dado um ultimato ao governo, concedendo 10 dias para a apresenta\u00e7\u00e3o de uma alternativa \u00e0 alta do IOF. Caso contr\u00e1rio, amea\u00e7ou colocar em vota\u00e7\u00e3o projetos de decreto legislativo que poderiam derrubar os decretos presidenciais que aumentaram o imposto.<\/strong><\/p>\n\n\n\n<p><strong>Em resposta \u00e0 press\u00e3o, o governo intensificou as negocia\u00e7\u00f5es. Fernando Haddad se reuniu com Davi Alcolumbre e Hugo Motta, e posteriormente, uma reuni\u00e3o foi realizada na resid\u00eancia oficial da C\u00e2mara dos Deputados, contando com a presen\u00e7a de l\u00edderes e da ministra Simone Tebet.<\/strong><\/p>\n\n\n\n<p><strong>Estrat\u00e9gias em discuss\u00e3o<\/strong><\/p>\n\n\n\n<p><strong>As discuss\u00f5es t\u00eam como objetivo encontrar medidas que possam compensar a alta do IOF, seja parcial ou integralmente. Al\u00e9m disso, o governo se comprometeu a anunciar medidas estruturantes, atendendo a uma demanda feita pelos parlamentares na semana anterior.<\/strong><\/p>\n\n\n\n<p><strong>A urg\u00eancia das negocia\u00e7\u00f5es \u00e9 evidenciada pela men\u00e7\u00e3o do ministro Haddad \u00e0 viagem programada do presidente Lula, indicando que uma solu\u00e7\u00e3o deve ser alcan\u00e7ada rapidamente. O epis\u00f3dio demonstra a delicada articula\u00e7\u00e3o pol\u00edtica necess\u00e1ria para equilibrar as demandas do Congresso com as necessidades fiscais do governo.<\/strong><\/p>\n\n\n\n<p><em>Fonte: CNN Brasil<\/em><\/p>\n","protected":false},"excerpt":{"rendered":"<p>Ministro da Fazenda elogia presidentes da C\u00e2mara e do Senado, enquanto lideran\u00e7as se re\u00fanem para discutir medidas compensat\u00f3rias<\/p>\n","protected":false},"author":2,"featured_media":50996,"comment_status":"open","ping_status":"open","sticky":false,"template":"","format":"standard","meta":{"om_disable_all_campaigns":false,"_monsterinsights_skip_tracking":false,"_monsterinsights_sitenote_active":false,"_monsterinsights_sitenote_note":"","_monsterinsights_sitenote_category":0,"footnotes":""},"categories":[34,70,69,21],"tags":[100,71,48,93,75,4178,4180,129,107,249,4181,8037,132,230,106,203,120,51,109,88,47,111,190],"class_list":["post-72415","post","type-post","status-publish","format-standard","has-post-thumbnail","hentry","category-brasil","category-destaques","category-noticias2","category-politica","tag-adustina","tag-antas","tag-araci","tag-brasil","tag-cicero-dantas","tag-cipo-2","tag-crisopolis-2","tag-euclides-da-cunha","tag-fatima","tag-governo-federal","tag-heliopolis-2","tag-iof","tag-itapicuru","tag-jeremoabo","tag-nova-soure","tag-novo-triunfo","tag-olindina","tag-paripiranga","tag-quijingue","tag-ribeira-do-amparo","tag-ribeira-do-pombal","tag-sitio-do-quinto","tag-tucano"],"aioseo_notices":[],"_links":{"self":[{"href":"https:\/\/www.portalalerta.com.br\/index.php\/wp-json\/wp\/v2\/posts\/72415","targetHints":{"allow":["GET"]}}],"collection":[{"href":"https:\/\/www.portalalerta.com.br\/index.php\/wp-json\/wp\/v2\/posts"}],"about":[{"href":"https:\/\/www.portalalerta.com.br\/index.php\/wp-json\/wp\/v2\/types\/post"}],"author":[{"embeddable":true,"href":"https:\/\/www.portalalerta.com.br\/index.php\/wp-json\/wp\/v2\/users\/2"}],"replies":[{"embeddable":true,"href":"https:\/\/www.portalalerta.com.br\/index.php\/wp-json\/wp\/v2\/comments?post=72415"}],"version-history":[{"count":2,"href":"https:\/\/www.portalalerta.com.br\/index.php\/wp-json\/wp\/v2\/posts\/72415\/revisions"}],"predecessor-version":[{"id":72418,"href":"https:\/\/www.portalalerta.com.br\/index.php\/wp-json\/wp\/v2\/posts\/72415\/revisions\/72418"}],"wp:featuredmedia":[{"embeddable":true,"href":"https:\/\/www.portalalerta.com.br\/index.php\/wp-json\/wp\/v2\/media\/50996"}],"wp:attachment":[{"href":"https:\/\/www.portalalerta.com.br\/index.php\/wp-json\/wp\/v2\/media?parent=72415"}],"wp:term":[{"taxonomy":"category","embeddable":true,"href":"https:\/\/www.portalalerta.com.br\/index.php\/wp-json\/wp\/v2\/categories?post=72415"},{"taxonomy":"post_tag","embeddable":true,"href":"https:\/\/www.portalalerta.com.br\/index.php\/wp-json\/wp\/v2\/tags?post=72415"}],"curies":[{"name":"wp","href":"https:\/\/api.w.org\/{rel}","templated":true}]}}