{"id":72429,"date":"2025-06-04T06:02:00","date_gmt":"2025-06-04T09:02:00","guid":{"rendered":"https:\/\/www.portalalerta.com.br\/?p=72429"},"modified":"2025-06-03T23:38:49","modified_gmt":"2025-06-04T02:38:49","slug":"gas-de-cozinha-fica-mais-barato-para-distribuidoras-na-bahia","status":"publish","type":"post","link":"https:\/\/www.portalalerta.com.br\/index.php\/2025\/06\/04\/gas-de-cozinha-fica-mais-barato-para-distribuidoras-na-bahia\/","title":{"rendered":"G\u00e1s de cozinha fica mais barato para distribuidoras na Bahia"},"content":{"rendered":"\n<p>A Acelen, empresa que administra a Refinaria de Mataripe, na Bahia, anunciou no domingo (1\u00ba) uma redu\u00e7\u00e3o de 5,5% no pre\u00e7o do g\u00e1s de cozinha vendido \u00e0s distribuidoras.<\/p>\n\n\n\n<!--more-->\n\n\n<div class=\"wp-block-image\">\n<figure class=\"alignleft size-large is-resized\"><img fetchpriority=\"high\" decoding=\"async\" src=\"https:\/\/www.portalalerta.com.br\/wp-content\/uploads\/2024\/04\/autoescola-emprego-1024x1024.jpg\" alt=\"\" class=\"wp-image-55693\" width=\"396\" height=\"396\" srcset=\"https:\/\/www.portalalerta.com.br\/wp-content\/uploads\/2024\/04\/autoescola-emprego-1024x1024.jpg 1024w, https:\/\/www.portalalerta.com.br\/wp-content\/uploads\/2024\/04\/autoescola-emprego-240x240.jpg 240w, https:\/\/www.portalalerta.com.br\/wp-content\/uploads\/2024\/04\/autoescola-emprego-768x768.jpg 768w, https:\/\/www.portalalerta.com.br\/wp-content\/uploads\/2024\/04\/autoescola-emprego.jpg 1080w\" sizes=\"(max-width: 396px) 100vw, 396px\" \/><\/figure><\/div>\n\n\n<p>Segundo a companhia, o reajuste leva em conta fatores do mercado, como o valor do petr\u00f3leo no exterior, a varia\u00e7\u00e3o do d\u00f3lar e os custos com transporte. Em nota, a Acelen disse ainda que sua pol\u00edtica de pre\u00e7os segue crit\u00e9rios t\u00e9cnicos e est\u00e1 alinhada com os padr\u00f5es internacionais do setor de energia. A empresa refor\u00e7ou o compromisso com a transpar\u00eancia nesses ajustes.<\/p>\n\n\n\n<p>Apesar da redu\u00e7\u00e3o, o valor final pago pelo consumidor pode variar, j\u00e1 que os revendedores e as distribuidoras t\u00eam liberdade para definir os pr\u00f3prios pre\u00e7os.<\/p>\n\n\n\n<p><em>Fonte: Not\u00edcias de Santaluz<\/em><\/p>\n","protected":false},"excerpt":{"rendered":"<p>A Acelen, empresa que administra a Refinaria de Mataripe, na Bahia, anunciou no domingo (1\u00ba) uma redu\u00e7\u00e3o de 5,5% no pre\u00e7o do g\u00e1s de cozinha vendido \u00e0s distribuidoras.<\/p>\n","protected":false},"author":2,"featured_media":4066,"comment_status":"open","ping_status":"open","sticky":false,"template":"","format":"standard","meta":{"om_disable_all_campaigns":false,"_monsterinsights_skip_tracking":false,"_monsterinsights_sitenote_active":false,"_monsterinsights_sitenote_note":"","_monsterinsights_sitenote_category":0,"footnotes":""},"categories":[33,70,69],"tags":[100,71,48,54,75,4178,4180,129,107,460,4181,132,230,106,203,120,51,109,401,88,47,111,190],"class_list":["post-72429","post","type-post","status-publish","format-standard","has-post-thumbnail","hentry","category-bahia","category-destaques","category-noticias2","tag-adustina","tag-antas","tag-araci","tag-bahia","tag-cicero-dantas","tag-cipo-2","tag-crisopolis-2","tag-euclides-da-cunha","tag-fatima","tag-gas-de-cozinha","tag-heliopolis-2","tag-itapicuru","tag-jeremoabo","tag-nova-soure","tag-novo-triunfo","tag-olindina","tag-paripiranga","tag-quijingue","tag-reajuste-de-precos","tag-ribeira-do-amparo","tag-ribeira-do-pombal","tag-sitio-do-quinto","tag-tucano"],"aioseo_notices":[],"_links":{"self":[{"href":"https:\/\/www.portalalerta.com.br\/index.php\/wp-json\/wp\/v2\/posts\/72429","targetHints":{"allow":["GET"]}}],"collection":[{"href":"https:\/\/www.portalalerta.com.br\/index.php\/wp-json\/wp\/v2\/posts"}],"about":[{"href":"https:\/\/www.portalalerta.com.br\/index.php\/wp-json\/wp\/v2\/types\/post"}],"author":[{"embeddable":true,"href":"https:\/\/www.portalalerta.com.br\/index.php\/wp-json\/wp\/v2\/users\/2"}],"replies":[{"embeddable":true,"href":"https:\/\/www.portalalerta.com.br\/index.php\/wp-json\/wp\/v2\/comments?post=72429"}],"version-history":[{"count":1,"href":"https:\/\/www.portalalerta.com.br\/index.php\/wp-json\/wp\/v2\/posts\/72429\/revisions"}],"predecessor-version":[{"id":72430,"href":"https:\/\/www.portalalerta.com.br\/index.php\/wp-json\/wp\/v2\/posts\/72429\/revisions\/72430"}],"wp:featuredmedia":[{"embeddable":true,"href":"https:\/\/www.portalalerta.com.br\/index.php\/wp-json\/wp\/v2\/media\/4066"}],"wp:attachment":[{"href":"https:\/\/www.portalalerta.com.br\/index.php\/wp-json\/wp\/v2\/media?parent=72429"}],"wp:term":[{"taxonomy":"category","embeddable":true,"href":"https:\/\/www.portalalerta.com.br\/index.php\/wp-json\/wp\/v2\/categories?post=72429"},{"taxonomy":"post_tag","embeddable":true,"href":"https:\/\/www.portalalerta.com.br\/index.php\/wp-json\/wp\/v2\/tags?post=72429"}],"curies":[{"name":"wp","href":"https:\/\/api.w.org\/{rel}","templated":true}]}}