{"id":72431,"date":"2025-06-04T06:03:00","date_gmt":"2025-06-04T09:03:00","guid":{"rendered":"https:\/\/www.portalalerta.com.br\/?p=72431"},"modified":"2025-06-03T23:42:24","modified_gmt":"2025-06-04T02:42:24","slug":"carla-zambelli-diz-ser-intocavel-na-italia-apos-anunciar-que-deixou-o-brasil","status":"publish","type":"post","link":"https:\/\/www.portalalerta.com.br\/index.php\/2025\/06\/04\/carla-zambelli-diz-ser-intocavel-na-italia-apos-anunciar-que-deixou-o-brasil\/","title":{"rendered":"Carla Zambelli diz ser &#8216;intoc\u00e1vel&#8217; na It\u00e1lia ap\u00f3s anunciar que deixou o Brasil"},"content":{"rendered":"\n<p>Deputada afirmou que est\u00e1 nos EUA atualmente para realizar tratamentos m\u00e9dicos, mas seguir\u00e1 rumo \u00e0 na\u00e7\u00e3o europeia ainda nesta semana<\/p>\n\n\n\n<!--more-->\n\n\n\n<p>A deputada federal Carla Zambelli (PL-SP) afirmou ser &#8220;intoc\u00e1vel&#8221; na It\u00e1lia, ap\u00f3s anunciar nesta ter\u00e7a-feira, 3, que deixou o Brasil para morar na Europa. Em maio, a&nbsp;<a href=\"https:\/\/www.band.com.br\/noticias\/carla-zambelli-foi-condenada-pelo-que-relembre-202506031254\">parlamentar foi condenada pelo Supremo Tribunal Federal (STF) a dez anos de pris\u00e3o<\/a>, al\u00e9m da perda do cargo na C\u00e2mara dos Deputados, pela invas\u00e3o ao sistema do Conselho Nacional de Justi\u00e7a (CNJ)<\/p>\n\n\n\n<p>Zambelli afirmou que est\u00e1 nos EUA atualmente para realizar tratamentos m\u00e9dicos, mas seguir\u00e1 rumo \u00e0 na\u00e7\u00e3o europeia ainda nesta semana. Ela planeja morar inicialmente em Roma e, depois, no interior do pa\u00eds.<\/p>\n\n\n<div class=\"wp-block-image\">\n<figure class=\"alignleft size-large is-resized\"><img fetchpriority=\"high\" decoding=\"async\" src=\"https:\/\/www.portalalerta.com.br\/wp-content\/uploads\/2025\/05\/Real-dia-das-maes-2025-819x1024.jpeg\" alt=\"\" class=\"wp-image-71620\" width=\"412\" height=\"515\" srcset=\"https:\/\/www.portalalerta.com.br\/wp-content\/uploads\/2025\/05\/Real-dia-das-maes-2025-819x1024.jpeg 819w, https:\/\/www.portalalerta.com.br\/wp-content\/uploads\/2025\/05\/Real-dia-das-maes-2025-192x240.jpeg 192w, https:\/\/www.portalalerta.com.br\/wp-content\/uploads\/2025\/05\/Real-dia-das-maes-2025-768x960.jpeg 768w, https:\/\/www.portalalerta.com.br\/wp-content\/uploads\/2025\/05\/Real-dia-das-maes-2025.jpeg 1024w\" sizes=\"(max-width: 412px) 100vw, 412px\" \/><\/figure><\/div>\n\n\n<p>&#8220;Eles v\u00e3o tentar me prender na It\u00e1lia, mas eu n\u00e3o temo, por que sou cidad\u00e3 italiana e l\u00e1 eu sou intoc\u00e1vel, a n\u00e3o ser que a justi\u00e7a italiana me prenda&#8221;, disse, entrevista \u00e0&nbsp;<em>CNN Brasil<\/em>.<\/p>\n\n\n\n<p>&#8220;Se eu tenho passaporte italiano, eles podem colocar a Interpol atr\u00e1s de mim, mas n\u00e3o me tiram da It\u00e1lia.&#8221; &#8220;N\u00e3o h\u00e1 o que possam fazer para me extraditar de um pa\u00eds que eu sou cidad\u00e3&#8221;, disse.<\/p>\n\n\n\n<p><a href=\"https:\/\/www.band.com.br\/noticias\/carla-zambelli-deixa-o-brasil-e-diz-que-pedira-afastamento-do-cargo-202506031041\">Ap\u00f3s deixar o Pa\u00eds<\/a>, Carla Zambelli transferiu o seu perfil no X (antigo Twitter) para sua m\u00e3e, Rita Zambelli. Com a conta da filha, ela tamb\u00e9m afirmou que a deputada n\u00e3o poder\u00e1 ser extraditada, ao responder a um coment\u00e1rio de um internauta. &#8220;Na It\u00e1lia minha filha \u00e9 intoc\u00e1vel&#8221;, publicou.<\/p>\n\n\n\n<p>Carla Zambelli foi condenada pelo Supremo a dez anos de pris\u00e3o e perda do mandato. A condena\u00e7\u00e3o foi un\u00e2nime pelo ataque hacker ao sistema do CNJ, coordenado pela deputada e executado pelo hacker Walter Delgatti Neto, segundo as investiga\u00e7\u00f5es.<\/p>\n\n\n\n<p>A invas\u00e3o ao CNJ resultou em um pedido de pris\u00e3o falso para o ministro Alexandre de Moraes, emitido no nome no pr\u00f3prio magistrado.<\/p>\n\n\n\n<p>No curso normal do processo, a deputada pode apresentar embargos e adiar o andamento do caso, mesmo que sem a possibilidade de reverter a condena\u00e7\u00e3o. E cabe aos deputados aprovar ou n\u00e3o a cassa\u00e7\u00e3o de seu mandato.<\/p>\n\n\n\n<p>Segundo Zambelli, seu retorno ao Pa\u00eds n\u00e3o est\u00e1 descartado, no entanto, ela voltar\u00e1 &#8220;quando o Brasil voltar a ser uma democracia&#8221;. A inten\u00e7\u00e3o da deputada \u00e9 atuar de forma parecida com a do deputado licenciado Eduardo Bolsonaro (PL-SP), que vem se empenhando para tentar influenciar o governo Trump a impor san\u00e7\u00f5es contra autoridades brasileiras.&nbsp;<\/p>\n\n\n\n<p>&#8220;Quero ombrear com o Eduardo essa luta. Ele tem feito um trabalho maravilhoso&#8221;, afirmou.<\/p>\n\n\n\n<p><em>Fonte: Band<\/em><\/p>\n","protected":false},"excerpt":{"rendered":"<p>Deputada afirmou que est\u00e1 nos EUA atualmente para realizar tratamentos m\u00e9dicos, mas seguir\u00e1 rumo \u00e0 na\u00e7\u00e3o europeia ainda nesta semana<\/p>\n","protected":false},"author":2,"featured_media":24230,"comment_status":"open","ping_status":"open","sticky":false,"template":"","format":"standard","meta":{"om_disable_all_campaigns":false,"_monsterinsights_skip_tracking":false,"_monsterinsights_sitenote_active":false,"_monsterinsights_sitenote_note":"","_monsterinsights_sitenote_category":0,"footnotes":""},"categories":[34,70,35,69,21],"tags":[100,71,48,93,3656,75,4178,316,4180,129,107,4181,719,132,230,106,203,120,51,109,88,47,111,190],"class_list":["post-72431","post","type-post","status-publish","format-standard","has-post-thumbnail","hentry","category-brasil","category-destaques","category-mundo","category-noticias2","category-politica","tag-adustina","tag-antas","tag-araci","tag-brasil","tag-carla-zambelli","tag-cicero-dantas","tag-cipo-2","tag-condenacao","tag-crisopolis-2","tag-euclides-da-cunha","tag-fatima","tag-heliopolis-2","tag-italia","tag-itapicuru","tag-jeremoabo","tag-nova-soure","tag-novo-triunfo","tag-olindina","tag-paripiranga","tag-quijingue","tag-ribeira-do-amparo","tag-ribeira-do-pombal","tag-sitio-do-quinto","tag-tucano"],"aioseo_notices":[],"_links":{"self":[{"href":"https:\/\/www.portalalerta.com.br\/index.php\/wp-json\/wp\/v2\/posts\/72431","targetHints":{"allow":["GET"]}}],"collection":[{"href":"https:\/\/www.portalalerta.com.br\/index.php\/wp-json\/wp\/v2\/posts"}],"about":[{"href":"https:\/\/www.portalalerta.com.br\/index.php\/wp-json\/wp\/v2\/types\/post"}],"author":[{"embeddable":true,"href":"https:\/\/www.portalalerta.com.br\/index.php\/wp-json\/wp\/v2\/users\/2"}],"replies":[{"embeddable":true,"href":"https:\/\/www.portalalerta.com.br\/index.php\/wp-json\/wp\/v2\/comments?post=72431"}],"version-history":[{"count":2,"href":"https:\/\/www.portalalerta.com.br\/index.php\/wp-json\/wp\/v2\/posts\/72431\/revisions"}],"predecessor-version":[{"id":72433,"href":"https:\/\/www.portalalerta.com.br\/index.php\/wp-json\/wp\/v2\/posts\/72431\/revisions\/72433"}],"wp:featuredmedia":[{"embeddable":true,"href":"https:\/\/www.portalalerta.com.br\/index.php\/wp-json\/wp\/v2\/media\/24230"}],"wp:attachment":[{"href":"https:\/\/www.portalalerta.com.br\/index.php\/wp-json\/wp\/v2\/media?parent=72431"}],"wp:term":[{"taxonomy":"category","embeddable":true,"href":"https:\/\/www.portalalerta.com.br\/index.php\/wp-json\/wp\/v2\/categories?post=72431"},{"taxonomy":"post_tag","embeddable":true,"href":"https:\/\/www.portalalerta.com.br\/index.php\/wp-json\/wp\/v2\/tags?post=72431"}],"curies":[{"name":"wp","href":"https:\/\/api.w.org\/{rel}","templated":true}]}}