{"id":72437,"date":"2025-06-04T15:01:12","date_gmt":"2025-06-04T18:01:12","guid":{"rendered":"https:\/\/www.portalalerta.com.br\/?p=72437"},"modified":"2025-06-04T15:01:13","modified_gmt":"2025-06-04T18:01:13","slug":"o-que-se-sabe-sobre-a-condenacao-do-humorista-leo-lins","status":"publish","type":"post","link":"https:\/\/www.portalalerta.com.br\/index.php\/2025\/06\/04\/o-que-se-sabe-sobre-a-condenacao-do-humorista-leo-lins\/","title":{"rendered":"O que se sabe sobre a condena\u00e7\u00e3o do humorista Leo Lins"},"content":{"rendered":"\n<p>Comediante recebeu pena de oito anos e tr\u00eas meses de pris\u00e3o em regime fechado por &#8216;show de intoler\u00e2ncias&#8217;<\/p>\n\n\n\n<!--more-->\n\n\n\n<p>O humorista Leo Lins foi condenado na ter\u00e7a-feira (3) a oito anos, tr\u00eas meses e nove dias de pris\u00e3o em regime fechado por discrimina\u00e7\u00e3o e discurso de \u00f3dio cometidos durante um show de com\u00e9dia em 2023. A decis\u00e3o da 3\u00aa Vara Criminal Federal de S\u00e3o Paulo atende um pedido do Minist\u00e9rio P\u00fablico Federal.&nbsp;<\/p>\n\n\n\n<p>Al\u00e9m da reclus\u00e3o, Leo Lins deve pagar uma multa de 1.170 sal\u00e1rios m\u00ednimos no valor da \u00e9poca da grava\u00e7\u00e3o e indeniza\u00e7\u00e3o de R$ 303,6 mil por danos morais coletivos. A decis\u00e3o cabe recurso.&nbsp;<\/p>\n\n\n\n<p>Leo Lins foi enquadrado na Lei do Racismo e na Lei Brasileira de Inclus\u00e3o da Pessoa com Defici\u00eancia. O crime de racismo \u00e9 punido com pena de at\u00e9 cinco anos de reclus\u00e3o. J\u00e1 a infra\u00e7\u00e3o da lei de inclus\u00e3o da pessoa com defici\u00eancia tem pena de um a tr\u00eas anos de reclus\u00e3o e multa, segundo o artigo 88 da lei.&nbsp;<\/p>\n\n\n\n<p><strong>Show reuniu ofensas contra negros, homossexuais e outras minorias<\/strong><\/p>\n\n\n\n<p>A apresenta\u00e7\u00e3o que culminou no processo e condena\u00e7\u00e3o de Leo Lins foi gravado em 2022. O humorista fez piadas e declara\u00e7\u00f5es ofensivas contra negros, idosos, obesos, pessoas com HIV, homossexuais, ind\u00edgenas, nordestinos, evang\u00e9licos, judeus e pessoas com defici\u00eancia.&nbsp;<\/p>\n\n\n\n<p>A grava\u00e7\u00e3o saiu do ar em 2023, por uma decis\u00e3o judicial e j\u00e1 reunia 3 milh\u00f5es de visualiza\u00e7\u00f5es em apenas uma plataforma. A pena de Lins foi agravada pelo alcance da publica\u00e7\u00e3o e a diversidade de grupos atingidos.&nbsp;<\/p>\n\n\n\n<p>Para a ju\u00edza Barbara de Lima Iseppi, apresenta\u00e7\u00f5es do comediante incentivam a propaga\u00e7\u00e3o de viol\u00eancia verbal e fomentam a intoler\u00e2ncia. Ela afirma que atividades de humor n\u00e3o s\u00e3o &#8216;passe-livre&#8217; para cometimento de crimes. &#8220;O exerc\u00edcio da liberdade de express\u00e3o n\u00e3o \u00e9 absoluto nem ilimitado, devendo se dar em um campo de toler\u00e2ncia e expondo-se \u00e0s restri\u00e7\u00f5es que emergem da pr\u00f3pria lei\u201d, diz a decis\u00e3o.&nbsp;<\/p>\n\n\n\n<p><strong>Defesa ir\u00e1 recorrer da senten\u00e7a<\/strong><\/p>\n\n\n\n<p>Em nota, a defesa de Leo Lins afirma que ir\u00e1 recorrer da senten\u00e7a de pris\u00e3o e que a decis\u00e3o foi &#8220;grave e sem precedentes&#8221;. &#8220;Ressaltamos que L\u00e9o Lins \u00e9 comediante e atua profissionalmente dentro do g\u00eanero de humor conhecido por sua acidez e cr\u00edtica social&#8221;, diz a nota.&nbsp;<\/p>\n\n\n\n<p><strong>Confira a nota completa:<\/strong><\/p>\n\n\n\n<p><em>Em rela\u00e7\u00e3o \u00e0 recente decis\u00e3o da Justi\u00e7a de S\u00e3o Paulo, que condenou o humorista L\u00e9o Lins a oito anos de pris\u00e3o em regime inicialmente fechado, informamos que seus advogados j\u00e1 est\u00e3o tomando as provid\u00eancias legais cab\u00edveis e ir\u00e3o recorrer da senten\u00e7a.&nbsp;<\/em><\/p>\n\n\n\n<p><em>Trata-se de uma decis\u00e3o grave e sem precedentes, que levanta s\u00e9rias preocupa\u00e7\u00f5es quanto aos limites entre liberdade de express\u00e3o e censura art\u00edstica no Brasil. Ressaltamos que L\u00e9o Lins \u00e9 comediante e atua profissionalmente dentro do g\u00eanero de humor conhecido por sua acidez e cr\u00edtica social.&nbsp;<\/em><\/p>\n\n\n\n<p><em>O humorista ir\u00e1 se pronunciar sobre o caso em breve por meio de suas redes sociais oficiais. Solicitamos que qualquer d\u00favida adicional seja encaminhada por este canal para que possamos prestar os devidos esclarecimentos com responsabilidade.<\/em><\/p>\n\n\n\n<p><strong>Leo Lins se pronunciou sobre condena\u00e7\u00e3o<\/strong><\/p>\n\n\n\n<p>Nas redes sociais, Leo Lins se pronunciou ao ironizar a est\u00e1tua da Deusa Themis em um Pal\u00e1cio da Justi\u00e7a no Brasil. A deusa, na mitologia grega, personifica a Justi\u00e7a, lei e ordem.&nbsp;<\/p>\n\n\n\n<p>&#8220;Essa est\u00e1tua da Deusa Themis (em uma vers\u00e3o distinta das tradicionais), est\u00e1 em um Pal\u00e1cio da justi\u00e7a no Brasil. Ironia ou Realidade? Arte ou Crime?&#8221;, questionou.&nbsp;<\/p>\n\n\n\n<p><strong>Humoristas se pronunciaram em defesa de Leo Lins<\/strong><\/p>\n\n\n\n<p>Colegas de humor de Leo Lins se manifestaram contra a decis\u00e3o da Justi\u00e7a Federal. Danilo Gentilli, comediante com quem Leo Lins estrelou o &#8220;The Noite&#8221;, do SBT, citou que a decis\u00e3o \u00e9 censura. &#8220;Todos que expressam uma opini\u00e3o, seja no teatro, na poesia, na m\u00fasica, na fic\u00e7\u00e3o, no livro ou em forma de uma piada, todos podem ser criticados, questionados e at\u00e9 acionados em processos civis. Agora, que n\u00e3o podem hip\u00f3tese alguma, \u00e9 serem presos ou alvos de censura&#8221;, disse.&nbsp;<\/p>\n\n\n\n<p>Renato Albani afirmou que \u00e9 &#8220;inacredit\u00e1vel ver como os valores s\u00e3o invertidos no Brasil&#8221;. Maur\u00edcio Meirelles, por sua vez, se pronunciou no X. &#8220;Est\u00e3o prendendo comediantes por contar piada. E tem comediante apoiando. Se o assunto \u00e9 a pris\u00e3o do Leo Lins, beb\u00ea reborn ou CPI das Bets, sinal que alguma coisa est\u00e1 precisando muito desviar o foco&#8221;, disse.&nbsp;<\/p>\n\n\n\n<p>Murilo Couto, que tamb\u00e9m trabalhou com Lins no &#8220;The Noite&#8221;, prestou apoio ao comediante. &#8220;Humorista n\u00e3o \u00e9 bandido&#8221;, disse. Antonio Tabet, do Porta dos Fundos, afirmou que a decis\u00e3o \u00e9 absurda. &#8220;Pode-se n\u00e3o achar a menor gra\u00e7a ou at\u00e9 detestar as piadas de Leo Lins, mas conden\u00e1-lo \u00e0 pris\u00e3o por elas \u00e9 uma insanidade e um desservi\u00e7o. Espero que essa decis\u00e3o completamente descabida seja revertida&#8221;, afirmou.<\/p>\n\n\n\n<p><em>Fonte: Band.com.br<\/em><\/p>\n","protected":false},"excerpt":{"rendered":"<p>Comediante recebeu pena de oito anos e tr\u00eas meses de pris\u00e3o em regime fechado por &#8216;show de intoler\u00e2ncias&#8217;<\/p>\n","protected":false},"author":2,"featured_media":72436,"comment_status":"open","ping_status":"open","sticky":false,"template":"","format":"standard","meta":{"om_disable_all_campaigns":false,"_monsterinsights_skip_tracking":false,"_monsterinsights_sitenote_active":false,"_monsterinsights_sitenote_note":"","_monsterinsights_sitenote_category":0,"footnotes":""},"categories":[34,70,69],"tags":[100,71,48,93,75,4178,316,4180,129,107,4181,4032,132,230,8039,106,203,120,51,174,109,88,47,111,190],"class_list":["post-72437","post","type-post","status-publish","format-standard","has-post-thumbnail","hentry","category-brasil","category-destaques","category-noticias2","tag-adustina","tag-antas","tag-araci","tag-brasil","tag-cicero-dantas","tag-cipo-2","tag-condenacao","tag-crisopolis-2","tag-euclides-da-cunha","tag-fatima","tag-heliopolis-2","tag-humorista","tag-itapicuru","tag-jeremoabo","tag-leo-lins","tag-nova-soure","tag-novo-triunfo","tag-olindina","tag-paripiranga","tag-prisao","tag-quijingue","tag-ribeira-do-amparo","tag-ribeira-do-pombal","tag-sitio-do-quinto","tag-tucano"],"aioseo_notices":[],"_links":{"self":[{"href":"https:\/\/www.portalalerta.com.br\/index.php\/wp-json\/wp\/v2\/posts\/72437","targetHints":{"allow":["GET"]}}],"collection":[{"href":"https:\/\/www.portalalerta.com.br\/index.php\/wp-json\/wp\/v2\/posts"}],"about":[{"href":"https:\/\/www.portalalerta.com.br\/index.php\/wp-json\/wp\/v2\/types\/post"}],"author":[{"embeddable":true,"href":"https:\/\/www.portalalerta.com.br\/index.php\/wp-json\/wp\/v2\/users\/2"}],"replies":[{"embeddable":true,"href":"https:\/\/www.portalalerta.com.br\/index.php\/wp-json\/wp\/v2\/comments?post=72437"}],"version-history":[{"count":1,"href":"https:\/\/www.portalalerta.com.br\/index.php\/wp-json\/wp\/v2\/posts\/72437\/revisions"}],"predecessor-version":[{"id":72438,"href":"https:\/\/www.portalalerta.com.br\/index.php\/wp-json\/wp\/v2\/posts\/72437\/revisions\/72438"}],"wp:featuredmedia":[{"embeddable":true,"href":"https:\/\/www.portalalerta.com.br\/index.php\/wp-json\/wp\/v2\/media\/72436"}],"wp:attachment":[{"href":"https:\/\/www.portalalerta.com.br\/index.php\/wp-json\/wp\/v2\/media?parent=72437"}],"wp:term":[{"taxonomy":"category","embeddable":true,"href":"https:\/\/www.portalalerta.com.br\/index.php\/wp-json\/wp\/v2\/categories?post=72437"},{"taxonomy":"post_tag","embeddable":true,"href":"https:\/\/www.portalalerta.com.br\/index.php\/wp-json\/wp\/v2\/tags?post=72437"}],"curies":[{"name":"wp","href":"https:\/\/api.w.org\/{rel}","templated":true}]}}