{"id":72443,"date":"2025-06-04T15:17:04","date_gmt":"2025-06-04T18:17:04","guid":{"rendered":"https:\/\/www.portalalerta.com.br\/?p=72443"},"modified":"2025-06-04T15:17:45","modified_gmt":"2025-06-04T18:17:45","slug":"moraes-decreta-prisao-preventiva-da-deputada-carla-zambelli-e-bloqueio-de-passaportes","status":"publish","type":"post","link":"https:\/\/www.portalalerta.com.br\/index.php\/2025\/06\/04\/moraes-decreta-prisao-preventiva-da-deputada-carla-zambelli-e-bloqueio-de-passaportes\/","title":{"rendered":"Moraes decreta pris\u00e3o preventiva da deputada Carla Zambelli e bloqueio de passaportes"},"content":{"rendered":"\n<p><strong>Na decis\u00e3o, o ministro do Supremo Tribunal Federal tamb\u00e9m determinou a inclus\u00e3o do nome da deputada federal na lista vermelha da Interpol<\/strong><\/p>\n\n\n\n<!--more-->\n\n\n\n<p><strong>O ministro Alexandre de Moraes, do Supremo Tribunal Federal (STF), atendeu o&nbsp;<a href=\"https:\/\/www.band.com.br\/noticias\/pgr-pede-prisao-preventiva-de-carla-zambelli-apos-deputada-deixar-o-brasil-202506031611\">pedido da Procuradoria-Geral da Rep\u00fablica<\/a>&nbsp;(PGR) e decretou, nesta quarta-feira (4), a pris\u00e3o preventiva da deputada federal&nbsp;<a href=\"https:\/\/www.band.com.br\/tudo-sobre\/carla-zambelli\">Carla Zambelli<\/a>&nbsp;(PL-SP).&nbsp;<\/strong><\/p>\n\n\n\n<p><strong>A PGR pediu a&nbsp;<a href=\"https:\/\/www.band.com.br\/noticias\/carla-zambelli-deixa-o-brasil-e-diz-que-pedira-afastamento-do-cargo-202506031041\">pris\u00e3o preventiva da deputada federal ap\u00f3s Carla Zambelli anunciar que deixou o Brasil<\/a>. A parlamentar afirmou que saiu do pa\u00eds devido a um tratamento m\u00e9dico e declarou que pedir\u00e1 licen\u00e7a do mandato. \u201cCansei de ficar calada, de n\u00e3o poder falar as coisas que eu penso\u201d, disse.&nbsp;<\/strong><\/p>\n\n\n\n<p><strong>Na decis\u00e3o, Alexandre de Moraes&nbsp;determinou:&nbsp;<\/strong><\/p>\n\n\n\n<ul class=\"wp-block-list\">\n<li><strong>Pris\u00e3o de Carla Zambelli;<\/strong><\/li>\n\n\n\n<li><strong>Bloqueio imediato dos passaportes emitidos em nome da deputada, incluindo o passaporte diplom\u00e1tico;<\/strong><\/li>\n\n\n\n<li><strong>Bloqueio dos vencimentos e quaisquer outras verbas, inclusive destinadas ao gabinete de Zambelli, pagos pela C\u00e2mara dos Deputados, para fins de pagamento integral de multa aplicada;<\/strong><\/li>\n\n\n\n<li><strong>Bloqueio de quaisquer bens, ativos, contas banc\u00e1rias, inclusive para recebimentos de sal\u00e1rios e verbas de gabinete e de quaisquer tipos de transfer\u00eancias, inclusive Pix, bem como de cart\u00f5es de cr\u00e9dito\/d\u00e9bito -, e investimentos ativos mantidos ou pertencentes a Zambelli;<\/strong><\/li>\n\n\n\n<li><strong>Bloqueio de ve\u00edculos automotores por meio do Sistema RENAJUD e o bloqueio de bens im\u00f3veis por meio da Central Nacional de Indisponibilidade de Bens (CNIB);<\/strong><\/li>\n\n\n\n<li><strong>Bloqueio de embarca\u00e7\u00f5es e aeronaves eventualmente registradas em nome de Zambelli, com a expedi\u00e7\u00e3o de of\u00edcio \u00e0 Capitania dos Portos e \u00e0 ANAC para efetivar a medida.<\/strong><\/li>\n<\/ul>\n\n\n<div class=\"wp-block-image\">\n<figure class=\"alignleft size-large is-resized\"><img fetchpriority=\"high\" decoding=\"async\" src=\"https:\/\/www.portalalerta.com.br\/wp-content\/uploads\/2024\/04\/autoescola-emprego-1024x1024.jpg\" alt=\"\" class=\"wp-image-55693\" width=\"435\" height=\"435\" srcset=\"https:\/\/www.portalalerta.com.br\/wp-content\/uploads\/2024\/04\/autoescola-emprego-1024x1024.jpg 1024w, https:\/\/www.portalalerta.com.br\/wp-content\/uploads\/2024\/04\/autoescola-emprego-240x240.jpg 240w, https:\/\/www.portalalerta.com.br\/wp-content\/uploads\/2024\/04\/autoescola-emprego-768x768.jpg 768w, https:\/\/www.portalalerta.com.br\/wp-content\/uploads\/2024\/04\/autoescola-emprego.jpg 1080w\" sizes=\"(max-width: 435px) 100vw, 435px\" \/><\/figure><\/div>\n\n\n<p><strong>Al\u00e9m disso, Moraes tamb\u00e9m determinou que as empresas&nbsp;GETTR, Meta, Linkedin, TikTok, X (antigo Twitter), Telegram e YouTube&nbsp;realizem os bloqueios das contas de Zambelli, sob pena de multa di\u00e1ria de R$ 100 mil, com o fornecimento de seus dados cadastrais a Suprema Corte e a integral preserva\u00e7\u00e3o de seu conte\u00fado.&nbsp;<\/strong><\/p>\n\n\n\n<p><strong>\u201cA imposi\u00e7\u00e3o de multa di\u00e1ria de R$ 50 mil em rela\u00e7\u00e3o \u00e0 Carla Zambelli, por postagem nas redes sociais suas ou de terceiros que reiterem as condutas criminosas\u201d, diz trecho do documento.&nbsp;<\/strong><\/p>\n\n\n\n<p><strong>Alexandre de Moraes tamb\u00e9m&nbsp;determinou que a Pol\u00edcia Federal inclua o nome de Carla Zambelli na difus\u00e3o vermelha da Organiza\u00e7\u00e3o Internacional de Pol\u00edcia Criminal (Interpol), \u201cbem como informe ao ju\u00edzo sua localiza\u00e7\u00e3o, para viabilizar o competente pedido de extradi\u00e7\u00e3o\u201d.&nbsp;<\/strong><\/p>\n\n\n\n<p><strong>\u201cA jurisprud\u00eancia do Supremo Tribunal Federal \u00e9 firme no sentido da decreta\u00e7\u00e3o da pris\u00e3o em raz\u00e3o da fuga do distrito da culpa, quando demonstrada a pretens\u00e3o de se furtar \u00e0 aplica\u00e7\u00e3o da lei penal\u201d, escreveu Moraes na decis\u00e3o.&nbsp;<\/strong><\/p>\n\n\n\n<p><strong>Condena\u00e7\u00e3o de Zambelli&nbsp;<\/strong><\/p>\n\n\n\n<p><strong>Zambelli foi condenada em 18 de maio a dez anos de pris\u00e3o pela invas\u00e3o aos sistemas do Conselho Nacional de Justi\u00e7a (CNJ). Carla ainda disse que emancipou o filho para poder ficar longe dele. \u201cA pessoa que est\u00e1 amoada, constragida e com vergonha por n\u00e3o poder falar o que pensa, foi ficando doente\u201d, falou Carla.<\/strong><\/p>\n\n\n\n<p><strong>A defesa da deputada Carla Zambelli (PL-SP) apresentou um recurso contra a decis\u00e3o da Primeira Turma do Supremo Tribunal Federal (STF)&nbsp;<a href=\"https:\/\/www.band.com.br\/noticias\/carla-zambelli-e-hacker-condenados-veja-o-que-acontece-agora-202505151357\">que condenou a parlamentar a 10 anos de pris\u00e3o pela invas\u00e3o ao sistema eletr\u00f4nico do Conselho Nacional de Justi\u00e7a (CNJ), ocorrida em 2023.<\/a><\/strong><\/p>\n\n\n\n<p><strong>No recurso, a defesa pede a absolvi\u00e7\u00e3o da deputada e afirma houve cerceamento de defesa pela falta de acesso a todas as provas produzidas durante a investiga\u00e7\u00e3o.<\/strong><\/p>\n\n\n\n<p><strong>Os advogados tamb\u00e9m contestaram a condena\u00e7\u00e3o de Zambelli ao pagamento de R$ 2 milh\u00f5es em danos coletivos.<\/strong><\/p>\n\n\n\n<p><em>Fonte: Band.com.br<\/em><\/p>\n","protected":false},"excerpt":{"rendered":"<p>Na decis\u00e3o, o ministro do Supremo Tribunal Federal tamb\u00e9m determinou a inclus\u00e3o do nome da deputada federal na lista vermelha da Interpol<\/p>\n","protected":false},"author":2,"featured_media":72444,"comment_status":"open","ping_status":"open","sticky":false,"template":"","format":"standard","meta":{"om_disable_all_campaigns":false,"_monsterinsights_skip_tracking":false,"_monsterinsights_sitenote_active":false,"_monsterinsights_sitenote_note":"","_monsterinsights_sitenote_category":0,"footnotes":""},"categories":[34,70,35,69,21],"tags":[100,1173,71,48,93,3656,75,4178,4180,1590,129,107,4181,132,230,488,106,203,120,51,109,88,47,111,216,190],"class_list":["post-72443","post","type-post","status-publish","format-standard","has-post-thumbnail","hentry","category-brasil","category-destaques","category-mundo","category-noticias2","category-politica","tag-adustina","tag-alexandre-de-moraes","tag-antas","tag-araci","tag-brasil","tag-carla-zambelli","tag-cicero-dantas","tag-cipo-2","tag-crisopolis-2","tag-deputada-federal","tag-euclides-da-cunha","tag-fatima","tag-heliopolis-2","tag-itapicuru","tag-jeremoabo","tag-mandado-de-prisao","tag-nova-soure","tag-novo-triunfo","tag-olindina","tag-paripiranga","tag-quijingue","tag-ribeira-do-amparo","tag-ribeira-do-pombal","tag-sitio-do-quinto","tag-stf","tag-tucano"],"aioseo_notices":[],"_links":{"self":[{"href":"https:\/\/www.portalalerta.com.br\/index.php\/wp-json\/wp\/v2\/posts\/72443","targetHints":{"allow":["GET"]}}],"collection":[{"href":"https:\/\/www.portalalerta.com.br\/index.php\/wp-json\/wp\/v2\/posts"}],"about":[{"href":"https:\/\/www.portalalerta.com.br\/index.php\/wp-json\/wp\/v2\/types\/post"}],"author":[{"embeddable":true,"href":"https:\/\/www.portalalerta.com.br\/index.php\/wp-json\/wp\/v2\/users\/2"}],"replies":[{"embeddable":true,"href":"https:\/\/www.portalalerta.com.br\/index.php\/wp-json\/wp\/v2\/comments?post=72443"}],"version-history":[{"count":1,"href":"https:\/\/www.portalalerta.com.br\/index.php\/wp-json\/wp\/v2\/posts\/72443\/revisions"}],"predecessor-version":[{"id":72445,"href":"https:\/\/www.portalalerta.com.br\/index.php\/wp-json\/wp\/v2\/posts\/72443\/revisions\/72445"}],"wp:featuredmedia":[{"embeddable":true,"href":"https:\/\/www.portalalerta.com.br\/index.php\/wp-json\/wp\/v2\/media\/72444"}],"wp:attachment":[{"href":"https:\/\/www.portalalerta.com.br\/index.php\/wp-json\/wp\/v2\/media?parent=72443"}],"wp:term":[{"taxonomy":"category","embeddable":true,"href":"https:\/\/www.portalalerta.com.br\/index.php\/wp-json\/wp\/v2\/categories?post=72443"},{"taxonomy":"post_tag","embeddable":true,"href":"https:\/\/www.portalalerta.com.br\/index.php\/wp-json\/wp\/v2\/tags?post=72443"}],"curies":[{"name":"wp","href":"https:\/\/api.w.org\/{rel}","templated":true}]}}