{"id":72446,"date":"2025-06-04T15:30:20","date_gmt":"2025-06-04T18:30:20","guid":{"rendered":"https:\/\/www.portalalerta.com.br\/?p=72446"},"modified":"2025-06-05T02:48:58","modified_gmt":"2025-06-05T05:48:58","slug":"policia-apreende-arma-de-fogo-modificada-artesanalmente-a-partir-de-revolver-com-funcionamento-a-gas-em-euclides-da-cunha-ba","status":"publish","type":"post","link":"https:\/\/www.portalalerta.com.br\/index.php\/2025\/06\/04\/policia-apreende-arma-de-fogo-modificada-artesanalmente-a-partir-de-revolver-com-funcionamento-a-gas-em-euclides-da-cunha-ba\/","title":{"rendered":"Pol\u00edcia apreende arma de fogo modificada artesanalmente a partir de rev\u00f3lver com funcionamento \u00e0 g\u00e1s, em Euclides da Cunha-BA"},"content":{"rendered":"\n<p>Policiais civis da 25\u00aa COORPIN apresentaram nesta quarta-feira (04), uma arma de fogo modificada artesanalmente, no munic\u00edpio de Euclides da Cunha-BA.<\/p>\n\n\n\n<!--more-->\n\n\n<div class=\"wp-block-image\">\n<figure class=\"alignleft size-large is-resized\"><img decoding=\"async\" src=\"https:\/\/www.portalalerta.com.br\/wp-content\/uploads\/2025\/06\/Real-Sao-Joao-2025-819x1024.jpg\" alt=\"\" class=\"wp-image-72448\" width=\"435\" srcset=\"https:\/\/www.portalalerta.com.br\/wp-content\/uploads\/2025\/06\/Real-Sao-Joao-2025-819x1024.jpg 819w, https:\/\/www.portalalerta.com.br\/wp-content\/uploads\/2025\/06\/Real-Sao-Joao-2025-192x240.jpg 192w, https:\/\/www.portalalerta.com.br\/wp-content\/uploads\/2025\/06\/Real-Sao-Joao-2025-768x960.jpg 768w, https:\/\/www.portalalerta.com.br\/wp-content\/uploads\/2025\/06\/Real-Sao-Joao-2025.jpg 1024w\" sizes=\"(max-width: 819px) 100vw, 819px\" \/><\/figure><\/div>\n\n\n<p>A a\u00e7\u00e3o teve in\u00edcio, ap\u00f3s os investigadores receberem uma den\u00fancia de que um homem estaria efetuando disparos de arma de fogo, na localidade conhecida como Serra Vermelha, no referido munic\u00edpio. Ao chegaram ao local indicado, os policiais identificaram o suspeito, que ao perceber a presen\u00e7a dos investigadores, fugiu por uma \u00e1rea de mata, deixando para tr\u00e1s o objeto.<\/p>\n\n\n\n<p>Em primeira an\u00e1lise, os investigadores constataram que se tratava de um rev\u00f3lver com funcionamento \u00e0 g\u00e1s, n\u00e3o sendo considerado arma de fogo, tendo em vista que \u00e9 utilizado em pr\u00e1ticas esportivas como Airsoft. Por\u00e9m, ap\u00f3s uma verifica\u00e7\u00e3o mais detalhada, foi constatada uma modifica\u00e7\u00e3o nos dispositivos, j\u00e1 que o objeto possu\u00eda mecanismo de disparo para cal. 38.<\/p>\n\n\n\n<p>O material foi apresentado inicialmente na Delegacia de Pol\u00edcia Civil local, e posteriormente foi encaminhado para a Per\u00edcia. O respons\u00e1vel pelos disparos, e pela arma de fogo em quest\u00e3o, n\u00e3o foi encontrado.<\/p>\n\n\n\n<figure class=\"wp-block-embed is-type-video is-provider-youtube wp-block-embed-youtube wp-embed-aspect-4-3 wp-has-aspect-ratio\"><div class=\"wp-block-embed__wrapper\">\n<iframe title=\"Pol\u00edcia apreende arma de fogo modificada artesanalmente em Euclides da Cunha-BA\" width=\"500\" height=\"375\" src=\"https:\/\/www.youtube.com\/embed\/d7t0igfLwok?feature=oembed\" frameborder=\"0\" allow=\"accelerometer; autoplay; clipboard-write; encrypted-media; gyroscope; picture-in-picture; web-share\" referrerpolicy=\"strict-origin-when-cross-origin\" allowfullscreen><\/iframe>\n<\/div><\/figure>\n\n\n\n<p><em>Reda\u00e7\u00e3o: Portal Alerta<\/em><\/p>\n","protected":false},"excerpt":{"rendered":"<p>Policiais civis da 25\u00aa COORPIN apresentaram nesta quarta-feira (04), uma arma de fogo modificada artesanalmente, no munic\u00edpio de Euclides da Cunha-BA.<\/p>\n","protected":false},"author":2,"featured_media":72447,"comment_status":"open","ping_status":"open","sticky":false,"template":"","format":"standard","meta":{"om_disable_all_campaigns":false,"_monsterinsights_skip_tracking":false,"_monsterinsights_sitenote_active":false,"_monsterinsights_sitenote_note":"","_monsterinsights_sitenote_category":0,"footnotes":""},"categories":[70,17,69,32,22,68],"tags":[],"class_list":["post-72446","post","type-post","status-publish","format-standard","has-post-thumbnail","hentry","category-destaques","category-euclides-da-cunha","category-noticias2","category-regiao","category-seguranca","category-videos"],"aioseo_notices":[],"_links":{"self":[{"href":"https:\/\/www.portalalerta.com.br\/index.php\/wp-json\/wp\/v2\/posts\/72446","targetHints":{"allow":["GET"]}}],"collection":[{"href":"https:\/\/www.portalalerta.com.br\/index.php\/wp-json\/wp\/v2\/posts"}],"about":[{"href":"https:\/\/www.portalalerta.com.br\/index.php\/wp-json\/wp\/v2\/types\/post"}],"author":[{"embeddable":true,"href":"https:\/\/www.portalalerta.com.br\/index.php\/wp-json\/wp\/v2\/users\/2"}],"replies":[{"embeddable":true,"href":"https:\/\/www.portalalerta.com.br\/index.php\/wp-json\/wp\/v2\/comments?post=72446"}],"version-history":[{"count":3,"href":"https:\/\/www.portalalerta.com.br\/index.php\/wp-json\/wp\/v2\/posts\/72446\/revisions"}],"predecessor-version":[{"id":72529,"href":"https:\/\/www.portalalerta.com.br\/index.php\/wp-json\/wp\/v2\/posts\/72446\/revisions\/72529"}],"wp:featuredmedia":[{"embeddable":true,"href":"https:\/\/www.portalalerta.com.br\/index.php\/wp-json\/wp\/v2\/media\/72447"}],"wp:attachment":[{"href":"https:\/\/www.portalalerta.com.br\/index.php\/wp-json\/wp\/v2\/media?parent=72446"}],"wp:term":[{"taxonomy":"category","embeddable":true,"href":"https:\/\/www.portalalerta.com.br\/index.php\/wp-json\/wp\/v2\/categories?post=72446"},{"taxonomy":"post_tag","embeddable":true,"href":"https:\/\/www.portalalerta.com.br\/index.php\/wp-json\/wp\/v2\/tags?post=72446"}],"curies":[{"name":"wp","href":"https:\/\/api.w.org\/{rel}","templated":true}]}}