{"id":72452,"date":"2025-06-04T22:50:17","date_gmt":"2025-06-05T01:50:17","guid":{"rendered":"https:\/\/www.portalalerta.com.br\/?p=72452"},"modified":"2025-06-04T22:50:19","modified_gmt":"2025-06-05T01:50:19","slug":"homem-e-preso-ao-ser-flagrado-com-drogas-em-cipo-ba","status":"publish","type":"post","link":"https:\/\/www.portalalerta.com.br\/index.php\/2025\/06\/04\/homem-e-preso-ao-ser-flagrado-com-drogas-em-cipo-ba\/","title":{"rendered":"Homem \u00e9 preso ao ser flagrado com drogas, em Cip\u00f3-BA"},"content":{"rendered":"\n<p>Por volta das 12h30 desta quarta-feira (04), policiais militares da 21\u00aa CIPM, prenderam um homem de 31 anos, flagrado com drogas, em Cip\u00f3-BA.<\/p>\n\n\n\n<!--more-->\n\n\n\n<p>O flagrante aconteceu na Travessa 5 de agosto, centro da cidade, no momento em que os militares realizavam rondas e abordagens de rotina. Com o autor, identificado pelas iniciais E. de O.L, os militares encontraram os entorpecentes, sendo: MD e Bola (anfetaminas), e maconha.&nbsp;<\/p>\n\n\n\n<p>O homem que afirmou ser usu\u00e1rio, foi conduzido e apresentado na Delegacia de Pol\u00edcia Civil, onde foram apresentados para a ado\u00e7\u00e3o das medidas cab\u00edveis.<\/p>\n\n\n\n<p><em>Reda\u00e7\u00e3o: Portal Alerta<\/em><\/p>\n","protected":false},"excerpt":{"rendered":"<p>Por volta das 12h30 desta quarta-feira (04), policiais militares da 21\u00aa CIPM, prenderam um homem de 31 anos, flagrado com drogas, em Cip\u00f3-BA.<\/p>\n","protected":false},"author":2,"featured_media":72451,"comment_status":"open","ping_status":"open","sticky":false,"template":"","format":"standard","meta":{"om_disable_all_campaigns":false,"_monsterinsights_skip_tracking":false,"_monsterinsights_sitenote_active":false,"_monsterinsights_sitenote_note":"","_monsterinsights_sitenote_category":0,"footnotes":""},"categories":[13,70,69,32,22],"tags":[182,100,71,48,75,4178,4180,129,107,4181,132,230,106,203,120,51,79,356,77,109,88,47,111,190],"class_list":["post-72452","post","type-post","status-publish","format-standard","has-post-thumbnail","hentry","category-cipo","category-destaques","category-noticias2","category-regiao","category-seguranca","tag-21a-cipm","tag-adustina","tag-antas","tag-araci","tag-cicero-dantas","tag-cipo-2","tag-crisopolis-2","tag-euclides-da-cunha","tag-fatima","tag-heliopolis-2","tag-itapicuru","tag-jeremoabo","tag-nova-soure","tag-novo-triunfo","tag-olindina","tag-paripiranga","tag-policia-militar","tag-posse-de-drogas","tag-preso","tag-quijingue","tag-ribeira-do-amparo","tag-ribeira-do-pombal","tag-sitio-do-quinto","tag-tucano"],"aioseo_notices":[],"_links":{"self":[{"href":"https:\/\/www.portalalerta.com.br\/index.php\/wp-json\/wp\/v2\/posts\/72452","targetHints":{"allow":["GET"]}}],"collection":[{"href":"https:\/\/www.portalalerta.com.br\/index.php\/wp-json\/wp\/v2\/posts"}],"about":[{"href":"https:\/\/www.portalalerta.com.br\/index.php\/wp-json\/wp\/v2\/types\/post"}],"author":[{"embeddable":true,"href":"https:\/\/www.portalalerta.com.br\/index.php\/wp-json\/wp\/v2\/users\/2"}],"replies":[{"embeddable":true,"href":"https:\/\/www.portalalerta.com.br\/index.php\/wp-json\/wp\/v2\/comments?post=72452"}],"version-history":[{"count":1,"href":"https:\/\/www.portalalerta.com.br\/index.php\/wp-json\/wp\/v2\/posts\/72452\/revisions"}],"predecessor-version":[{"id":72453,"href":"https:\/\/www.portalalerta.com.br\/index.php\/wp-json\/wp\/v2\/posts\/72452\/revisions\/72453"}],"wp:featuredmedia":[{"embeddable":true,"href":"https:\/\/www.portalalerta.com.br\/index.php\/wp-json\/wp\/v2\/media\/72451"}],"wp:attachment":[{"href":"https:\/\/www.portalalerta.com.br\/index.php\/wp-json\/wp\/v2\/media?parent=72452"}],"wp:term":[{"taxonomy":"category","embeddable":true,"href":"https:\/\/www.portalalerta.com.br\/index.php\/wp-json\/wp\/v2\/categories?post=72452"},{"taxonomy":"post_tag","embeddable":true,"href":"https:\/\/www.portalalerta.com.br\/index.php\/wp-json\/wp\/v2\/tags?post=72452"}],"curies":[{"name":"wp","href":"https:\/\/api.w.org\/{rel}","templated":true}]}}