{"id":72457,"date":"2025-06-04T23:13:09","date_gmt":"2025-06-05T02:13:09","guid":{"rendered":"https:\/\/www.portalalerta.com.br\/?p=72457"},"modified":"2025-06-05T23:52:21","modified_gmt":"2025-06-06T02:52:21","slug":"criminoso-com-extensa-ficha-criminal-volta-a-ser-preso-com-produto-furtado-em-ribeira-do-pombal-ba","status":"publish","type":"post","link":"https:\/\/www.portalalerta.com.br\/index.php\/2025\/06\/04\/criminoso-com-extensa-ficha-criminal-volta-a-ser-preso-com-produto-furtado-em-ribeira-do-pombal-ba\/","title":{"rendered":"Criminoso com extensa ficha criminal volta a ser preso com produto furtado em igreja, em Ribeira do Pombal-BA"},"content":{"rendered":"\n<p>Por volta das 9h30 desta quarta-feira (04), policiais civis de Ribeira do Pombal-BA se dirigiram at\u00e9 a II Travessa Presidente Kennedy, para apurarem uma den\u00fancia que apontava um homem que estaria vendendo produtos provenientes de furto\/ roubo.<\/p>\n\n\n\n<!--more-->\n\n\n<div class=\"wp-block-image\">\n<figure class=\"alignleft size-large is-resized\"><img fetchpriority=\"high\" decoding=\"async\" src=\"https:\/\/www.portalalerta.com.br\/wp-content\/uploads\/2024\/04\/autoescola-emprego-1024x1024.jpg\" alt=\"\" class=\"wp-image-55693\" width=\"402\" height=\"402\" srcset=\"https:\/\/www.portalalerta.com.br\/wp-content\/uploads\/2024\/04\/autoescola-emprego-1024x1024.jpg 1024w, https:\/\/www.portalalerta.com.br\/wp-content\/uploads\/2024\/04\/autoescola-emprego-240x240.jpg 240w, https:\/\/www.portalalerta.com.br\/wp-content\/uploads\/2024\/04\/autoescola-emprego-768x768.jpg 768w, https:\/\/www.portalalerta.com.br\/wp-content\/uploads\/2024\/04\/autoescola-emprego.jpg 1080w\" sizes=\"(max-width: 402px) 100vw, 402px\" \/><\/figure><\/div>\n\n\n<p>No local, os investigadores identificaram o suspeito, identificado pelas iniciais E.F.L, que segundo informa\u00e7\u00f5es, possui uma vasta ficha criminal, por autoria de furtos e roubos na regi\u00e3o. Com ele, os policiais encontraram um aparelho de som, tipo amplificador. Ao se contestado a respeito da origem do produto, o criminoso afirmou que tinha sido subtra\u00eddo durante um furto, fato ocorrido h\u00e1 uma semana na igreja Adventista do 7\u00ba dia do bairro Pombalzinho, zona leste da cidade. <strong><a href=\"https:\/\/www.portalalerta.com.br\/index.php\/2025\/06\/01\/igreja-e-alvo-de-criminosos-em-ribeira-do-pombal-ba\/\" title=\"\">Relembre<\/a><\/strong><\/p>\n\n\n\n<p>Diante do flagrante, tanto o rapaz, quanto o material, foram conduzidos e apresentados na Delegacia de Pol\u00edcia Civil, para a ado\u00e7\u00e3o das medidas cab\u00edveis.<\/p>\n\n\n\n<figure class=\"wp-block-embed is-type-video is-provider-youtube wp-block-embed-youtube wp-embed-aspect-4-3 wp-has-aspect-ratio\"><div class=\"wp-block-embed__wrapper\">\n<iframe title=\"Criminoso com extensa ficha criminal volta a ser preso com produto furtado, em Ribeira do Pombal-BA\" width=\"500\" height=\"375\" src=\"https:\/\/www.youtube.com\/embed\/Ljf5YTMIGp0?feature=oembed\" frameborder=\"0\" allow=\"accelerometer; autoplay; clipboard-write; encrypted-media; gyroscope; picture-in-picture; web-share\" referrerpolicy=\"strict-origin-when-cross-origin\" allowfullscreen><\/iframe>\n<\/div><\/figure>\n\n\n\n<p><em>Reda\u00e7\u00e3o: Portal Alerta<\/em><\/p>\n","protected":false},"excerpt":{"rendered":"<p>Por volta das 9h30 desta quarta-feira (04), policiais civis de Ribeira do Pombal-BA se dirigiram at\u00e9 a II Travessa Presidente Kennedy, para apurarem uma den\u00fancia que apontava um homem que estaria vendendo produtos provenientes de furto\/ roubo.<\/p>\n","protected":false},"author":2,"featured_media":34270,"comment_status":"open","ping_status":"open","sticky":false,"template":"","format":"standard","meta":{"om_disable_all_campaigns":false,"_monsterinsights_skip_tracking":false,"_monsterinsights_sitenote_active":false,"_monsterinsights_sitenote_note":"","_monsterinsights_sitenote_category":0,"footnotes":""},"categories":[70,69,32,3,22,68],"tags":[],"class_list":["post-72457","post","type-post","status-publish","format-standard","has-post-thumbnail","hentry","category-destaques","category-noticias2","category-regiao","category-ribeira-do-pombal","category-seguranca","category-videos"],"aioseo_notices":[],"_links":{"self":[{"href":"https:\/\/www.portalalerta.com.br\/index.php\/wp-json\/wp\/v2\/posts\/72457","targetHints":{"allow":["GET"]}}],"collection":[{"href":"https:\/\/www.portalalerta.com.br\/index.php\/wp-json\/wp\/v2\/posts"}],"about":[{"href":"https:\/\/www.portalalerta.com.br\/index.php\/wp-json\/wp\/v2\/types\/post"}],"author":[{"embeddable":true,"href":"https:\/\/www.portalalerta.com.br\/index.php\/wp-json\/wp\/v2\/users\/2"}],"replies":[{"embeddable":true,"href":"https:\/\/www.portalalerta.com.br\/index.php\/wp-json\/wp\/v2\/comments?post=72457"}],"version-history":[{"count":6,"href":"https:\/\/www.portalalerta.com.br\/index.php\/wp-json\/wp\/v2\/posts\/72457\/revisions"}],"predecessor-version":[{"id":72546,"href":"https:\/\/www.portalalerta.com.br\/index.php\/wp-json\/wp\/v2\/posts\/72457\/revisions\/72546"}],"wp:featuredmedia":[{"embeddable":true,"href":"https:\/\/www.portalalerta.com.br\/index.php\/wp-json\/wp\/v2\/media\/34270"}],"wp:attachment":[{"href":"https:\/\/www.portalalerta.com.br\/index.php\/wp-json\/wp\/v2\/media?parent=72457"}],"wp:term":[{"taxonomy":"category","embeddable":true,"href":"https:\/\/www.portalalerta.com.br\/index.php\/wp-json\/wp\/v2\/categories?post=72457"},{"taxonomy":"post_tag","embeddable":true,"href":"https:\/\/www.portalalerta.com.br\/index.php\/wp-json\/wp\/v2\/tags?post=72457"}],"curies":[{"name":"wp","href":"https:\/\/api.w.org\/{rel}","templated":true}]}}