{"id":72531,"date":"2025-06-06T06:00:00","date_gmt":"2025-06-06T09:00:00","guid":{"rendered":"https:\/\/www.portalalerta.com.br\/?p=72531"},"modified":"2025-06-05T22:54:51","modified_gmt":"2025-06-06T01:54:51","slug":"musk-pede-impeachment-de-trump-e-diz-que-programa-da-spacex-sera-desativado","status":"publish","type":"post","link":"https:\/\/www.portalalerta.com.br\/index.php\/2025\/06\/06\/musk-pede-impeachment-de-trump-e-diz-que-programa-da-spacex-sera-desativado\/","title":{"rendered":"Musk pede impeachment de Trump e diz que programa da SpaceX ser\u00e1 desativado"},"content":{"rendered":"\n<p>Acusa\u00e7\u00e3o ocorre em meio a troca de farpas nas redes sociais entre o presidente dos EUA e o bilion\u00e1rio dono da Tesla<\/p>\n\n\n\n<!--more-->\n\n\n\n<p>&#8220;Sim&#8221;, Musk postou no X em resposta a outro usu\u00e1rio que escreveu: &#8220;<a href=\"https:\/\/www.cnnbrasil.com.br\/internacional\/trump-diz-estar-muito-decepcionado-com-musk-apos-critica-a-projeto\/\" target=\"_blank\" rel=\"noreferrer noopener\">Presidente vs. Elon<\/a>. Quem ganha? Aposto no Elon. Trump deveria sofrer impeachment e JD Vance deveria substitu\u00ed-lo&#8221;.<\/p>\n\n\n\n<p>Em outra publica\u00e7\u00e3o, Musk escreveu: &#8220;Em vista da declara\u00e7\u00e3o do presidente sobre o cancelamento dos meus contratos governamentais, a @SpaceX come\u00e7ar\u00e1 a descomissionar sua&nbsp;<a href=\"https:\/\/www.cnnbrasil.com.br\/tecnologia\/erupcoes-solares-encurtam-vida-util-de-satelites-da-spacex-aponta-pesquisa\/\" target=\"_blank\" rel=\"noreferrer noopener\">nave espacial Dragon<\/a>&nbsp;imediatamente&#8221;.<\/p>\n\n\n\n<p>Tal medida poderia ter um efeito devastador sobre a Esta\u00e7\u00e3o Espacial Internacional e a NASA.<\/p>\n\n\n\n<p>De acordo com a SpaceX, a nave espacial Dragon \u00e9 &#8220;a \u00fanica nave espacial atualmente em opera\u00e7\u00e3o capaz de retornar quantidades significativas de carga \u00e0 Terra&#8221;, al\u00e9m de poder acomodar sete passageiros.<\/p>\n\n\n\n<p>Ela \u00e9 considerada crucial para o transporte de carga e pessoas para a Esta\u00e7\u00e3o Espacial Internacional.<\/p>\n\n\n\n<p>Foi uma&nbsp;<a href=\"https:\/\/www.cnnbrasil.com.br\/tecnologia\/astronautas-iniciam-o-retorno-para-a-terra-apos-nove-meses-presos-no-espaco\/\" target=\"_blank\" rel=\"noreferrer noopener\">c\u00e1psula Dragon da SpaceX<\/a>&nbsp;que ajudou a retornar os dois astronautas da NASA que ficaram presos na Esta\u00e7\u00e3o Espacial Internacional por nove meses devido a problemas com um ve\u00edculo da Boeing.<\/p>\n\n\n\n<p>A SpaceX n\u00e3o respondeu imediatamente a um pedido de coment\u00e1rio.<\/p>\n\n\n\n<p><em>Fonte: CNN<\/em><\/p>\n","protected":false},"excerpt":{"rendered":"<p>Acusa\u00e7\u00e3o ocorre em meio a troca de farpas nas redes sociais entre o presidente dos EUA e o bilion\u00e1rio dono da Tesla<\/p>\n","protected":false},"author":2,"featured_media":72245,"comment_status":"open","ping_status":"open","sticky":false,"template":"","format":"standard","meta":{"om_disable_all_campaigns":false,"_monsterinsights_skip_tracking":false,"_monsterinsights_sitenote_active":false,"_monsterinsights_sitenote_note":"","_monsterinsights_sitenote_category":0,"footnotes":""},"categories":[70,35,69,21],"tags":[100,71,48,75,4178,4180,897,6815,327,129,107,4181,988,132,230,339,106,203,120,51,94,109,88,47,111,8042,190],"class_list":["post-72531","post","type-post","status-publish","format-standard","has-post-thumbnail","hentry","category-destaques","category-mundo","category-noticias2","category-politica","tag-adustina","tag-antas","tag-araci","tag-cicero-dantas","tag-cipo-2","tag-crisopolis-2","tag-donald-trump","tag-elon-musk","tag-eua","tag-euclides-da-cunha","tag-fatima","tag-heliopolis-2","tag-impeachment","tag-itapicuru","tag-jeremoabo","tag-mundo","tag-nova-soure","tag-novo-triunfo","tag-olindina","tag-paripiranga","tag-presidente","tag-quijingue","tag-ribeira-do-amparo","tag-ribeira-do-pombal","tag-sitio-do-quinto","tag-spacex","tag-tucano"],"aioseo_notices":[],"_links":{"self":[{"href":"https:\/\/www.portalalerta.com.br\/index.php\/wp-json\/wp\/v2\/posts\/72531","targetHints":{"allow":["GET"]}}],"collection":[{"href":"https:\/\/www.portalalerta.com.br\/index.php\/wp-json\/wp\/v2\/posts"}],"about":[{"href":"https:\/\/www.portalalerta.com.br\/index.php\/wp-json\/wp\/v2\/types\/post"}],"author":[{"embeddable":true,"href":"https:\/\/www.portalalerta.com.br\/index.php\/wp-json\/wp\/v2\/users\/2"}],"replies":[{"embeddable":true,"href":"https:\/\/www.portalalerta.com.br\/index.php\/wp-json\/wp\/v2\/comments?post=72531"}],"version-history":[{"count":1,"href":"https:\/\/www.portalalerta.com.br\/index.php\/wp-json\/wp\/v2\/posts\/72531\/revisions"}],"predecessor-version":[{"id":72533,"href":"https:\/\/www.portalalerta.com.br\/index.php\/wp-json\/wp\/v2\/posts\/72531\/revisions\/72533"}],"wp:featuredmedia":[{"embeddable":true,"href":"https:\/\/www.portalalerta.com.br\/index.php\/wp-json\/wp\/v2\/media\/72245"}],"wp:attachment":[{"href":"https:\/\/www.portalalerta.com.br\/index.php\/wp-json\/wp\/v2\/media?parent=72531"}],"wp:term":[{"taxonomy":"category","embeddable":true,"href":"https:\/\/www.portalalerta.com.br\/index.php\/wp-json\/wp\/v2\/categories?post=72531"},{"taxonomy":"post_tag","embeddable":true,"href":"https:\/\/www.portalalerta.com.br\/index.php\/wp-json\/wp\/v2\/tags?post=72531"}],"curies":[{"name":"wp","href":"https:\/\/api.w.org\/{rel}","templated":true}]}}