{"id":72538,"date":"2025-06-06T06:03:00","date_gmt":"2025-06-06T09:03:00","guid":{"rendered":"https:\/\/www.portalalerta.com.br\/?p=72538"},"modified":"2025-06-05T23:11:53","modified_gmt":"2025-06-06T02:11:53","slug":"policia-civil-apreende-arma-de-fogo-durante-cumprimento-de-mandado-de-busca-e-apreensao-em-euclides-da-cunha-ba","status":"publish","type":"post","link":"https:\/\/www.portalalerta.com.br\/index.php\/2025\/06\/06\/policia-civil-apreende-arma-de-fogo-durante-cumprimento-de-mandado-de-busca-e-apreensao-em-euclides-da-cunha-ba\/","title":{"rendered":"Pol\u00edcia Civil apreende arma de fogo, durante cumprimento de mandado de busca e apreens\u00e3o, em Euclides da Cunha-BA"},"content":{"rendered":"\n<p>Na manh\u00e3 desta quinta-feira (05), policiais civis de Euclides da Cunha-BA cumpriram um mandado de busca e apreens\u00e3o, na resid\u00eancia de um homem investigado pela pr\u00e1tica de tr\u00e1fico de drogas.<\/p>\n\n\n\n<!--more-->\n\n\n<div class=\"wp-block-image\">\n<figure class=\"alignleft size-large is-resized\"><img fetchpriority=\"high\" decoding=\"async\" src=\"https:\/\/www.portalalerta.com.br\/wp-content\/uploads\/2025\/06\/Real-Sao-Joao-2025-819x1024.jpg\" alt=\"\" class=\"wp-image-72448\" width=\"397\" height=\"496\" srcset=\"https:\/\/www.portalalerta.com.br\/wp-content\/uploads\/2025\/06\/Real-Sao-Joao-2025-819x1024.jpg 819w, https:\/\/www.portalalerta.com.br\/wp-content\/uploads\/2025\/06\/Real-Sao-Joao-2025-192x240.jpg 192w, https:\/\/www.portalalerta.com.br\/wp-content\/uploads\/2025\/06\/Real-Sao-Joao-2025-768x960.jpg 768w, https:\/\/www.portalalerta.com.br\/wp-content\/uploads\/2025\/06\/Real-Sao-Joao-2025.jpg 1024w\" sizes=\"(max-width: 397px) 100vw, 397px\" \/><\/figure><\/div>\n\n\n<p>No local, os investigadores encontraram uma arma de fogo, sendo um rev\u00f3lver cal. 32 sem numera\u00e7\u00e3o, al\u00e9m de uma embalagem contendo coca\u00edna.<\/p>\n\n\n\n<p>Tanto o material il\u00edcito, quanto o suspeito identificado pelas iniciais J.R.C.S, foram conduzidos para a Delegacia de Pol\u00edcia Civil, para a ado\u00e7\u00e3o das medidas cab\u00edveis.<\/p>\n\n\n\n<p><em>Reda\u00e7\u00e3o: Portal Alerta<\/em><\/p>\n","protected":false},"excerpt":{"rendered":"<p>Na manh\u00e3 desta quinta-feira (05), policiais civis de Euclides da Cunha-BA cumpriram um mandado de busca e apreens\u00e3o, na resid\u00eancia de um homem investigado pela pr\u00e1tica de tr\u00e1fico de drogas.<\/p>\n","protected":false},"author":2,"featured_media":72539,"comment_status":"open","ping_status":"open","sticky":false,"template":"","format":"standard","meta":{"om_disable_all_campaigns":false,"_monsterinsights_skip_tracking":false,"_monsterinsights_sitenote_active":false,"_monsterinsights_sitenote_note":"","_monsterinsights_sitenote_category":0,"footnotes":""},"categories":[70,17,69,32,22],"tags":[],"class_list":["post-72538","post","type-post","status-publish","format-standard","has-post-thumbnail","hentry","category-destaques","category-euclides-da-cunha","category-noticias2","category-regiao","category-seguranca"],"aioseo_notices":[],"_links":{"self":[{"href":"https:\/\/www.portalalerta.com.br\/index.php\/wp-json\/wp\/v2\/posts\/72538","targetHints":{"allow":["GET"]}}],"collection":[{"href":"https:\/\/www.portalalerta.com.br\/index.php\/wp-json\/wp\/v2\/posts"}],"about":[{"href":"https:\/\/www.portalalerta.com.br\/index.php\/wp-json\/wp\/v2\/types\/post"}],"author":[{"embeddable":true,"href":"https:\/\/www.portalalerta.com.br\/index.php\/wp-json\/wp\/v2\/users\/2"}],"replies":[{"embeddable":true,"href":"https:\/\/www.portalalerta.com.br\/index.php\/wp-json\/wp\/v2\/comments?post=72538"}],"version-history":[{"count":1,"href":"https:\/\/www.portalalerta.com.br\/index.php\/wp-json\/wp\/v2\/posts\/72538\/revisions"}],"predecessor-version":[{"id":72540,"href":"https:\/\/www.portalalerta.com.br\/index.php\/wp-json\/wp\/v2\/posts\/72538\/revisions\/72540"}],"wp:featuredmedia":[{"embeddable":true,"href":"https:\/\/www.portalalerta.com.br\/index.php\/wp-json\/wp\/v2\/media\/72539"}],"wp:attachment":[{"href":"https:\/\/www.portalalerta.com.br\/index.php\/wp-json\/wp\/v2\/media?parent=72538"}],"wp:term":[{"taxonomy":"category","embeddable":true,"href":"https:\/\/www.portalalerta.com.br\/index.php\/wp-json\/wp\/v2\/categories?post=72538"},{"taxonomy":"post_tag","embeddable":true,"href":"https:\/\/www.portalalerta.com.br\/index.php\/wp-json\/wp\/v2\/tags?post=72538"}],"curies":[{"name":"wp","href":"https:\/\/api.w.org\/{rel}","templated":true}]}}