{"id":72561,"date":"2025-06-07T18:17:59","date_gmt":"2025-06-07T21:17:59","guid":{"rendered":"https:\/\/www.portalalerta.com.br\/?p=72561"},"modified":"2025-06-07T18:18:00","modified_gmt":"2025-06-07T21:18:00","slug":"ribeira-do-pombal-torna-blocos-juninos-patrimonio-cultural-imaterial","status":"publish","type":"post","link":"https:\/\/www.portalalerta.com.br\/index.php\/2025\/06\/07\/ribeira-do-pombal-torna-blocos-juninos-patrimonio-cultural-imaterial\/","title":{"rendered":"Ribeira do Pombal torna Blocos Juninos patrim\u00f4nio cultural imaterial"},"content":{"rendered":"\n<p>Lei n\u00ba 954\/2025 valoriza tradi\u00e7\u00e3o e impulsiona economia local<\/p>\n\n\n\n<!--more-->\n\n\n\n<p>Em 30 de maio de 2025, o prefeito Eriksson Santos Silva sancionou a Lei n\u00ba 954, que declara os Blocos Juninos de Ribeira do Pombal como Patrim\u00f4nio Cultural Imaterial do Munic\u00edpio. Publicada no Di\u00e1rio Oficial, a norma reconhece os cortejos, quadrilhas e demais manifesta\u00e7\u00f5es juninas como tesouro vivo da cultura local, al\u00e9m de estabelecer o compromisso da Prefeitura de apoiar e preservar essas tradi\u00e7\u00f5es a cada m\u00eas de junho.<\/p>\n\n\n\n<p>De acordo com o Artigo 1\u00ba da nova lei, \u201cFica declarado como Patrim\u00f4nio Cultural Imaterial do Munic\u00edpio de Ribeira do Pombal, Estado da Bahia, os Blocos Juninos, que s\u00e3o celebrados durante o m\u00eas de junho.\u201d O texto ressalta que essa celebra\u00e7\u00e3o vai al\u00e9m da festa: \u00e9 a narrativa viva de gera\u00e7\u00f5es que misturam S\u00e3o Jo\u00e3o, sanfona, zabumba e muita quadrilha, seja no distrito, seja no centro da cidade. \u201cQuem n\u00e3o dan\u00e7a no arraial, dan\u00e7a no cora\u00e7\u00e3o\u201d, brincou um dos coordenadores culturais, lembrando que, para o pombalense, a fogueira \u00e9 t\u00e3o importante quanto o calor humano.<\/p>\n\n\n\n<p>O Artigo 2\u00ba detalha que os Blocos Juninos t\u00eam dupla miss\u00e3o: fortalecer a cultura junina do munic\u00edpio e gerar renda e empregos diretos e indiretos. A festa movimenta barraquinhas de comidas t\u00edpicas, oficinas de artesanato e shows regionais, atraindo turistas de toda a regi\u00e3o. \u201cSe Ribeira do Pombal j\u00e1 era conhecida pela hospitalidade, agora vai ganhar fama de \u2018capital do forr\u00f3 no sert\u00e3o\u2019\u201d, projetou o secret\u00e1rio de Cultura, animando os comerciantes que aguardam a enchente de visitantes em junho.<\/p>\n\n\n\n<p>No Artigo 3\u00ba, a lei garante a prote\u00e7\u00e3o permanente das manifesta\u00e7\u00f5es culturais listadas, evitando que costumes tradicionais sejam apagados pelo tempo ou por interesses moment\u00e2neos. J\u00e1 o Artigo 4\u00ba prev\u00ea que o Poder Executivo Municipal apoiar\u00e1, \u201cno que couber, com as organiza\u00e7\u00f5es dos festejos definidos neste artigo.\u201d Isso inclui log\u00edsticas de som, ilumina\u00e7\u00e3o, ambul\u00e2ncias em postos estrat\u00e9gicos e incentivos para que novos grupos juninos surjam em comunidades rurais.<\/p>\n\n\n\n<p>Com vig\u00eancia imediata, a Lei n\u00ba 954\/2025 revoga qualquer dispositivo anterior que n\u00e3o reconhe\u00e7a a import\u00e2ncia hist\u00f3rica e social dos Blocos Juninos. Para o prefeito Eriksson, \u201cpreservar o S\u00e3o Jo\u00e3o local \u00e9 honrar cada av\u00f4 que ensinou a dan\u00e7ar quadrilha e cada m\u00e3e que preparou canjica na madrugada.\u201d O gestor aposta ainda que, a partir de agora, Ribeira do Pombal ampliar\u00e1 parcerias com o setor privado e entidades culturais para transformar o m\u00eas de junho em um grande espet\u00e1culo de cores, ritmos e oportunidades.<\/p>\n\n\n\n<p>Entre sorrisos e golinhos de quent\u00e3o, o munic\u00edpio se prepara para consolidar a festa como motor de desenvolvimento. Afinal, \u201cquem vive o forr\u00f3 hoje, constr\u00f3i a tradi\u00e7\u00e3o amanh\u00e3\u201d \u2014 e, com a nova lei, Ribeira do Pombal garante que o S\u00e3o Jo\u00e3o nunca perca o compasso.<\/p>\n\n\n\n<p><em>Fonte: SECOM\/ Ribeira do Pombal<\/em><\/p>\n","protected":false},"excerpt":{"rendered":"<p>Lei n\u00ba 954\/2025 valoriza tradi\u00e7\u00e3o e impulsiona economia local<\/p>\n","protected":false},"author":2,"featured_media":72557,"comment_status":"open","ping_status":"open","sticky":false,"template":"","format":"standard","meta":{"om_disable_all_campaigns":false,"_monsterinsights_skip_tracking":false,"_monsterinsights_sitenote_active":false,"_monsterinsights_sitenote_note":"","_monsterinsights_sitenote_category":0,"footnotes":""},"categories":[70,36,69,21,32,3],"tags":[100,71,48,5376,211,75,4178,4180,129,107,4181,132,230,106,203,120,51,8044,4890,109,88,47,111,190],"class_list":["post-72561","post","type-post","status-publish","format-standard","has-post-thumbnail","hentry","category-destaques","category-lazer","category-noticias2","category-politica","category-regiao","category-ribeira-do-pombal","tag-adustina","tag-antas","tag-araci","tag-blocos-juninos","tag-camara-de-vereadores","tag-cicero-dantas","tag-cipo-2","tag-crisopolis-2","tag-euclides-da-cunha","tag-fatima","tag-heliopolis-2","tag-itapicuru","tag-jeremoabo","tag-nova-soure","tag-novo-triunfo","tag-olindina","tag-paripiranga","tag-patrimonio-cultural-imaterial","tag-prefeitura-municipal","tag-quijingue","tag-ribeira-do-amparo","tag-ribeira-do-pombal","tag-sitio-do-quinto","tag-tucano"],"aioseo_notices":[],"_links":{"self":[{"href":"https:\/\/www.portalalerta.com.br\/index.php\/wp-json\/wp\/v2\/posts\/72561","targetHints":{"allow":["GET"]}}],"collection":[{"href":"https:\/\/www.portalalerta.com.br\/index.php\/wp-json\/wp\/v2\/posts"}],"about":[{"href":"https:\/\/www.portalalerta.com.br\/index.php\/wp-json\/wp\/v2\/types\/post"}],"author":[{"embeddable":true,"href":"https:\/\/www.portalalerta.com.br\/index.php\/wp-json\/wp\/v2\/users\/2"}],"replies":[{"embeddable":true,"href":"https:\/\/www.portalalerta.com.br\/index.php\/wp-json\/wp\/v2\/comments?post=72561"}],"version-history":[{"count":1,"href":"https:\/\/www.portalalerta.com.br\/index.php\/wp-json\/wp\/v2\/posts\/72561\/revisions"}],"predecessor-version":[{"id":72562,"href":"https:\/\/www.portalalerta.com.br\/index.php\/wp-json\/wp\/v2\/posts\/72561\/revisions\/72562"}],"wp:featuredmedia":[{"embeddable":true,"href":"https:\/\/www.portalalerta.com.br\/index.php\/wp-json\/wp\/v2\/media\/72557"}],"wp:attachment":[{"href":"https:\/\/www.portalalerta.com.br\/index.php\/wp-json\/wp\/v2\/media?parent=72561"}],"wp:term":[{"taxonomy":"category","embeddable":true,"href":"https:\/\/www.portalalerta.com.br\/index.php\/wp-json\/wp\/v2\/categories?post=72561"},{"taxonomy":"post_tag","embeddable":true,"href":"https:\/\/www.portalalerta.com.br\/index.php\/wp-json\/wp\/v2\/tags?post=72561"}],"curies":[{"name":"wp","href":"https:\/\/api.w.org\/{rel}","templated":true}]}}