{"id":72565,"date":"2025-06-07T18:22:50","date_gmt":"2025-06-07T21:22:50","guid":{"rendered":"https:\/\/www.portalalerta.com.br\/?p=72565"},"modified":"2025-06-07T18:22:51","modified_gmt":"2025-06-07T21:22:51","slug":"policia-civil-cumpre-mandado-de-prisao-em-desfavor-de-homem-acusado-de-estupro-de-vulneravel-em-euclides-da-cunha-ba","status":"publish","type":"post","link":"https:\/\/www.portalalerta.com.br\/index.php\/2025\/06\/07\/policia-civil-cumpre-mandado-de-prisao-em-desfavor-de-homem-acusado-de-estupro-de-vulneravel-em-euclides-da-cunha-ba\/","title":{"rendered":"Pol\u00edcia Civil cumpre mandado de pris\u00e3o em desfavor de homem acusado de estupro de vulner\u00e1vel, em Euclides da Cunha-BA"},"content":{"rendered":"\n<p>Na manh\u00e3 da \u00faltima sexta-feira (06), policiais civis da 25\u00aa COORPIN cumpriram um mandado de pris\u00e3o em desfavor de um homem acusado da pr\u00e1tica de estupro de vulner\u00e1vel, em Euclides da Cunha-BA.<\/p>\n\n\n\n<!--more-->\n\n\n<div class=\"wp-block-image\">\n<figure class=\"alignleft size-large is-resized\"><img fetchpriority=\"high\" decoding=\"async\" src=\"https:\/\/www.portalalerta.com.br\/wp-content\/uploads\/2024\/04\/autoescola-emprego-1024x1024.jpg\" alt=\"\" class=\"wp-image-55693\" width=\"399\" height=\"399\" srcset=\"https:\/\/www.portalalerta.com.br\/wp-content\/uploads\/2024\/04\/autoescola-emprego-1024x1024.jpg 1024w, https:\/\/www.portalalerta.com.br\/wp-content\/uploads\/2024\/04\/autoescola-emprego-240x240.jpg 240w, https:\/\/www.portalalerta.com.br\/wp-content\/uploads\/2024\/04\/autoescola-emprego-768x768.jpg 768w, https:\/\/www.portalalerta.com.br\/wp-content\/uploads\/2024\/04\/autoescola-emprego.jpg 1080w\" sizes=\"(max-width: 399px) 100vw, 399px\" \/><\/figure><\/div>\n\n\n<p>Ap\u00f3s terem conhecimento da decis\u00e3o judicial, os investigadores precisaram de menos que 24 horas para chegarem at\u00e9 o acusado, identificado pelas iniciais M.D.S. O homem foi encontrado no Povoado Bagatela, zona rural da cidade.<\/p>\n\n\n\n<p>Na sequ\u00eancia, o suposto autor foi conduzido para a carceragem da Delegacia de Pol\u00edcia Civil, onde se encontra custodiado \u00e0 disposi\u00e7\u00e3o da justi\u00e7a.<\/p>\n\n\n\n<p><em>Reda\u00e7\u00e3o: Portal Alerta<\/em><\/p>\n","protected":false},"excerpt":{"rendered":"<p>Na manh\u00e3 da \u00faltima sexta-feira (06), policiais civis da 25\u00aa COORPIN cumpriram um mandado de pris\u00e3o em desfavor de um homem acusado da pr\u00e1tica de estupro de vulner\u00e1vel, em Euclides da Cunha-BA.<\/p>\n","protected":false},"author":2,"featured_media":34281,"comment_status":"open","ping_status":"open","sticky":false,"template":"","format":"standard","meta":{"om_disable_all_campaigns":false,"_monsterinsights_skip_tracking":false,"_monsterinsights_sitenote_active":false,"_monsterinsights_sitenote_note":"","_monsterinsights_sitenote_category":0,"footnotes":""},"categories":[70,17,69,32,22],"tags":[8047,100,71,48,75,4178,4180,438,129,107,4181,132,230,488,106,203,120,51,122,77,109,88,47,111,190],"class_list":["post-72565","post","type-post","status-publish","format-standard","has-post-thumbnail","hentry","category-destaques","category-euclides-da-cunha","category-noticias2","category-regiao","category-seguranca","tag-25o-coorpin","tag-adustina","tag-antas","tag-araci","tag-cicero-dantas","tag-cipo-2","tag-crisopolis-2","tag-estupro-de-vulneravel","tag-euclides-da-cunha","tag-fatima","tag-heliopolis-2","tag-itapicuru","tag-jeremoabo","tag-mandado-de-prisao","tag-nova-soure","tag-novo-triunfo","tag-olindina","tag-paripiranga","tag-policia-civil","tag-preso","tag-quijingue","tag-ribeira-do-amparo","tag-ribeira-do-pombal","tag-sitio-do-quinto","tag-tucano"],"aioseo_notices":[],"_links":{"self":[{"href":"https:\/\/www.portalalerta.com.br\/index.php\/wp-json\/wp\/v2\/posts\/72565","targetHints":{"allow":["GET"]}}],"collection":[{"href":"https:\/\/www.portalalerta.com.br\/index.php\/wp-json\/wp\/v2\/posts"}],"about":[{"href":"https:\/\/www.portalalerta.com.br\/index.php\/wp-json\/wp\/v2\/types\/post"}],"author":[{"embeddable":true,"href":"https:\/\/www.portalalerta.com.br\/index.php\/wp-json\/wp\/v2\/users\/2"}],"replies":[{"embeddable":true,"href":"https:\/\/www.portalalerta.com.br\/index.php\/wp-json\/wp\/v2\/comments?post=72565"}],"version-history":[{"count":1,"href":"https:\/\/www.portalalerta.com.br\/index.php\/wp-json\/wp\/v2\/posts\/72565\/revisions"}],"predecessor-version":[{"id":72566,"href":"https:\/\/www.portalalerta.com.br\/index.php\/wp-json\/wp\/v2\/posts\/72565\/revisions\/72566"}],"wp:featuredmedia":[{"embeddable":true,"href":"https:\/\/www.portalalerta.com.br\/index.php\/wp-json\/wp\/v2\/media\/34281"}],"wp:attachment":[{"href":"https:\/\/www.portalalerta.com.br\/index.php\/wp-json\/wp\/v2\/media?parent=72565"}],"wp:term":[{"taxonomy":"category","embeddable":true,"href":"https:\/\/www.portalalerta.com.br\/index.php\/wp-json\/wp\/v2\/categories?post=72565"},{"taxonomy":"post_tag","embeddable":true,"href":"https:\/\/www.portalalerta.com.br\/index.php\/wp-json\/wp\/v2\/tags?post=72565"}],"curies":[{"name":"wp","href":"https:\/\/api.w.org\/{rel}","templated":true}]}}