{"id":72567,"date":"2025-06-07T18:26:57","date_gmt":"2025-06-07T21:26:57","guid":{"rendered":"https:\/\/www.portalalerta.com.br\/?p=72567"},"modified":"2025-06-07T18:26:58","modified_gmt":"2025-06-07T21:26:58","slug":"ribeira-do-pombal-declara-umbuzeiro-e-licurizeiro-como-patrimonio-cultural-municipal","status":"publish","type":"post","link":"https:\/\/www.portalalerta.com.br\/index.php\/2025\/06\/07\/ribeira-do-pombal-declara-umbuzeiro-e-licurizeiro-como-patrimonio-cultural-municipal\/","title":{"rendered":"Ribeira do Pombal declara umbuzeiro e licurizeiro como patrim\u00f4nio cultural municipal"},"content":{"rendered":"\n<p>Lei n\u00ba 953\/2025 pro\u00edbe derrubada das \u00e1rvores e institui programas de preserva\u00e7\u00e3o<\/p>\n\n\n\n<!--more-->\n\n\n\n<p>Em 30 de maio de 2025, o prefeito Eriksson Santos Silva sancionou a Lei n\u00ba 953, que declara como Patrim\u00f4nio Cultural Municipal as esp\u00e9cies frut\u00edferas nativas da caatinga \u2013 em especial o umbuzeiro (Spondias tuberosa) e o licurizeiro (Syagrus coronata). A medida, publicada no Di\u00e1rio Oficial de Ribeira do Pombal, imp\u00f5e a proibi\u00e7\u00e3o de derrubada dessas \u00e1rvores dentro do territ\u00f3rio municipal e estabelece incentivos para sua preserva\u00e7\u00e3o e replantio.<\/p>\n\n\n\n<p>Logo no artigo 1\u00ba, o texto legal fixa a prote\u00e7\u00e3o absoluta ao umbuzeiro e ao licurizeiro, s\u00edmbolos da nossa caatinga que garantem sombra, frutos e identidade cultural.<\/p>\n\n\n<div class=\"wp-block-image\">\n<figure class=\"alignleft size-large is-resized\"><img fetchpriority=\"high\" decoding=\"async\" src=\"https:\/\/www.portalalerta.com.br\/wp-content\/uploads\/2025\/06\/Real-Sao-Joao-2025-819x1024.jpg\" alt=\"\" class=\"wp-image-72448\" width=\"398\" height=\"498\" srcset=\"https:\/\/www.portalalerta.com.br\/wp-content\/uploads\/2025\/06\/Real-Sao-Joao-2025-819x1024.jpg 819w, https:\/\/www.portalalerta.com.br\/wp-content\/uploads\/2025\/06\/Real-Sao-Joao-2025-192x240.jpg 192w, https:\/\/www.portalalerta.com.br\/wp-content\/uploads\/2025\/06\/Real-Sao-Joao-2025-768x960.jpg 768w, https:\/\/www.portalalerta.com.br\/wp-content\/uploads\/2025\/06\/Real-Sao-Joao-2025.jpg 1024w\" sizes=\"(max-width: 398px) 100vw, 398px\" \/><\/figure><\/div>\n\n\n<p>Para estimular a retomada dessas esp\u00e9cies, o artigo 2\u00ba cria incentivos \u00e0 preserva\u00e7\u00e3o. Isso inclui campanhas de conscientiza\u00e7\u00e3o em escolas, parceria com associa\u00e7\u00f5es de agricultores e descontos em taxas municipais para quem mantiver p\u00e9s saud\u00e1veis de umbuzeiro e licurizeiro na propriedade.<\/p>\n\n\n\n<p>O artigo 3\u00ba prev\u00ea a doa\u00e7\u00e3o gratuita de mudas pelo Poder P\u00fablico Municipal a agricultores, assentados e cidad\u00e3os interessados. A meta \u00e9 quadruplicar o n\u00famero de mudas plantadas at\u00e9 2028, num esfor\u00e7o colaborativo entre prefeitura, ONGs ambientais e volunt\u00e1rios. Quem plantar a sua muda oficialmente ganhar\u00e1 um \u201ccertificado de guardi\u00e3o da caatinga\u201d \u2013 afinal, prote\u00e7\u00e3o ambiental tamb\u00e9m pode vir com dose de orgulho local.<\/p>\n\n\n\n<p>Com a entrada em vigor imediata, a lei revoga dispositivos anteriores que permitiam corte indiscriminado de plantas nativas para fins comerciais ou particulares. A prefeitura avisa: qualquer poda ou supress\u00e3o de umbuzeiro e licurizeiro depende de autoriza\u00e7\u00e3o pr\u00e9via do \u00f3rg\u00e3o ambiental. Na pr\u00e1tica, motosserra que atinja uma dessas esp\u00e9cies sem permiss\u00e3o dever\u00e1 responder por infra\u00e7\u00e3o administrativa e ser\u00e1 obrigada a repor o dobro de \u00e1rvores cortadas.<\/p>\n\n\n\n<p>Projetando para o futuro, a iniciativa busca transformar cada quintal, cada pomar e cada \u00e1rea verde em um pequeno santu\u00e1rio da caatinga. O prefeito lembra que a preserva\u00e7\u00e3o dessas \u00e1rvores nativas \u00e9 tamb\u00e9m uma estrat\u00e9gia para a seguran\u00e7a h\u00eddrica, pois suas ra\u00edzes profundas ajudam a conservar o solo e manter a umidade durante a seca. Aprovado pela c\u00e2mara, o &nbsp;S<\/p>\n\n\n\n<p>Assim, a Lei n\u00ba 953 inspira um olhar vision\u00e1rio: n\u00e3o basta apenas erguer placas de \u201cbem-vindo\u201d \u2014 \u00e9 preciso garantir que o umbuzeiro e o licurizeiro continuem a dar seus frutos e hist\u00f3rias para as pr\u00f3ximas gera\u00e7\u00f5es.<\/p>\n\n\n\n<p><em>Fonte: SECOM\/ Ribeira do Pombal<\/em><\/p>\n","protected":false},"excerpt":{"rendered":"<p>Lei n\u00ba 953\/2025 pro\u00edbe derrubada das \u00e1rvores e institui programas de preserva\u00e7\u00e3o<\/p>\n","protected":false},"author":2,"featured_media":72559,"comment_status":"open","ping_status":"open","sticky":false,"template":"","format":"standard","meta":{"om_disable_all_campaigns":false,"_monsterinsights_skip_tracking":false,"_monsterinsights_sitenote_active":false,"_monsterinsights_sitenote_note":"","_monsterinsights_sitenote_category":0,"footnotes":""},"categories":[70,69,21,32,3],"tags":[100,71,48,75,4178,4180,129,107,4181,132,230,8049,106,203,120,51,109,88,47,111,190,8048],"class_list":["post-72567","post","type-post","status-publish","format-standard","has-post-thumbnail","hentry","category-destaques","category-noticias2","category-politica","category-regiao","category-ribeira-do-pombal","tag-adustina","tag-antas","tag-araci","tag-cicero-dantas","tag-cipo-2","tag-crisopolis-2","tag-euclides-da-cunha","tag-fatima","tag-heliopolis-2","tag-itapicuru","tag-jeremoabo","tag-licurizeiro","tag-nova-soure","tag-novo-triunfo","tag-olindina","tag-paripiranga","tag-quijingue","tag-ribeira-do-amparo","tag-ribeira-do-pombal","tag-sitio-do-quinto","tag-tucano","tag-umbuzeiro"],"aioseo_notices":[],"_links":{"self":[{"href":"https:\/\/www.portalalerta.com.br\/index.php\/wp-json\/wp\/v2\/posts\/72567","targetHints":{"allow":["GET"]}}],"collection":[{"href":"https:\/\/www.portalalerta.com.br\/index.php\/wp-json\/wp\/v2\/posts"}],"about":[{"href":"https:\/\/www.portalalerta.com.br\/index.php\/wp-json\/wp\/v2\/types\/post"}],"author":[{"embeddable":true,"href":"https:\/\/www.portalalerta.com.br\/index.php\/wp-json\/wp\/v2\/users\/2"}],"replies":[{"embeddable":true,"href":"https:\/\/www.portalalerta.com.br\/index.php\/wp-json\/wp\/v2\/comments?post=72567"}],"version-history":[{"count":1,"href":"https:\/\/www.portalalerta.com.br\/index.php\/wp-json\/wp\/v2\/posts\/72567\/revisions"}],"predecessor-version":[{"id":72568,"href":"https:\/\/www.portalalerta.com.br\/index.php\/wp-json\/wp\/v2\/posts\/72567\/revisions\/72568"}],"wp:featuredmedia":[{"embeddable":true,"href":"https:\/\/www.portalalerta.com.br\/index.php\/wp-json\/wp\/v2\/media\/72559"}],"wp:attachment":[{"href":"https:\/\/www.portalalerta.com.br\/index.php\/wp-json\/wp\/v2\/media?parent=72567"}],"wp:term":[{"taxonomy":"category","embeddable":true,"href":"https:\/\/www.portalalerta.com.br\/index.php\/wp-json\/wp\/v2\/categories?post=72567"},{"taxonomy":"post_tag","embeddable":true,"href":"https:\/\/www.portalalerta.com.br\/index.php\/wp-json\/wp\/v2\/tags?post=72567"}],"curies":[{"name":"wp","href":"https:\/\/api.w.org\/{rel}","templated":true}]}}