{"id":72627,"date":"2025-06-10T19:01:05","date_gmt":"2025-06-10T22:01:05","guid":{"rendered":"https:\/\/www.portalalerta.com.br\/?p=72627"},"modified":"2025-06-10T19:01:08","modified_gmt":"2025-06-10T22:01:08","slug":"morador-de-paripiranga-morre-em-grave-acidente-na-se-361-em-poco-verde","status":"publish","type":"post","link":"https:\/\/www.portalalerta.com.br\/index.php\/2025\/06\/10\/morador-de-paripiranga-morre-em-grave-acidente-na-se-361-em-poco-verde\/","title":{"rendered":"Morador de Paripiranga morre em grave acidente na SE-361 em Po\u00e7o Verde"},"content":{"rendered":"\n<p>Faleceu na tarde desta segunda-feira (09), o senhor Gerv\u00e1sio, morador da zona rural de Paripiranga. O senhor Gerv\u00e1sio foi v\u00edtima de um acidente automobil\u00edstico na rodovia SE-361.<\/p>\n\n\n\n<!--more-->\n\n\n\n<p>O incidente ocorreu por volta do meio-dia, nas proximidades do assentamento Santa Maria das Lages, Zona rural de Po\u00e7o Verde. De acordo com informa\u00e7\u00f5es apuradas pelo rep\u00f3rter Gabriel Oliveira, Gerv\u00e1sio estava dirigindo em alta velocidade quando, ao tentar fazer uma curva, perdeu o controle do ve\u00edculo, resultando em um capotamento.<\/p>\n\n\n\n<p>Equipes de resgate foram rapidamente acionadas, mas, infelizmente apenas o \u00f3bito de Gerv\u00e1sio foi confirmado.<\/p>\n\n\n\n<p><em>Fonte: Sim\u00e3o Dias como eu vejo<\/em><\/p>\n\n\n\n<p><em>Com informa\u00e7\u00f5es de: Gabriel Oliveira<\/em><\/p>\n","protected":false},"excerpt":{"rendered":"<p>Faleceu na tarde desta segunda-feira (09), o senhor Gerv\u00e1sio, morador da zona rural de Paripiranga. O senhor Gerv\u00e1sio foi v\u00edtima de um acidente automobil\u00edstico na rodovia SE-361.<\/p>\n","protected":false},"author":2,"featured_media":72623,"comment_status":"open","ping_status":"open","sticky":false,"template":"","format":"standard","meta":{"om_disable_all_campaigns":false,"_monsterinsights_skip_tracking":false,"_monsterinsights_sitenote_active":false,"_monsterinsights_sitenote_note":"","_monsterinsights_sitenote_category":0,"footnotes":""},"categories":[34,70,69,11,32],"tags":[166,100,71,48,93,75,4178,4180,129,107,4181,132,230,106,203,120,51,109,88,47,629,111,190],"class_list":["post-72627","post","type-post","status-publish","format-standard","has-post-thumbnail","hentry","category-brasil","category-destaques","category-noticias2","category-paripiranga","category-regiao","tag-acidente","tag-adustina","tag-antas","tag-araci","tag-brasil","tag-cicero-dantas","tag-cipo-2","tag-crisopolis-2","tag-euclides-da-cunha","tag-fatima","tag-heliopolis-2","tag-itapicuru","tag-jeremoabo","tag-nova-soure","tag-novo-triunfo","tag-olindina","tag-paripiranga","tag-quijingue","tag-ribeira-do-amparo","tag-ribeira-do-pombal","tag-simao-dias","tag-sitio-do-quinto","tag-tucano"],"aioseo_notices":[],"_links":{"self":[{"href":"https:\/\/www.portalalerta.com.br\/index.php\/wp-json\/wp\/v2\/posts\/72627","targetHints":{"allow":["GET"]}}],"collection":[{"href":"https:\/\/www.portalalerta.com.br\/index.php\/wp-json\/wp\/v2\/posts"}],"about":[{"href":"https:\/\/www.portalalerta.com.br\/index.php\/wp-json\/wp\/v2\/types\/post"}],"author":[{"embeddable":true,"href":"https:\/\/www.portalalerta.com.br\/index.php\/wp-json\/wp\/v2\/users\/2"}],"replies":[{"embeddable":true,"href":"https:\/\/www.portalalerta.com.br\/index.php\/wp-json\/wp\/v2\/comments?post=72627"}],"version-history":[{"count":1,"href":"https:\/\/www.portalalerta.com.br\/index.php\/wp-json\/wp\/v2\/posts\/72627\/revisions"}],"predecessor-version":[{"id":72628,"href":"https:\/\/www.portalalerta.com.br\/index.php\/wp-json\/wp\/v2\/posts\/72627\/revisions\/72628"}],"wp:featuredmedia":[{"embeddable":true,"href":"https:\/\/www.portalalerta.com.br\/index.php\/wp-json\/wp\/v2\/media\/72623"}],"wp:attachment":[{"href":"https:\/\/www.portalalerta.com.br\/index.php\/wp-json\/wp\/v2\/media?parent=72627"}],"wp:term":[{"taxonomy":"category","embeddable":true,"href":"https:\/\/www.portalalerta.com.br\/index.php\/wp-json\/wp\/v2\/categories?post=72627"},{"taxonomy":"post_tag","embeddable":true,"href":"https:\/\/www.portalalerta.com.br\/index.php\/wp-json\/wp\/v2\/tags?post=72627"}],"curies":[{"name":"wp","href":"https:\/\/api.w.org\/{rel}","templated":true}]}}