{"id":72629,"date":"2025-06-10T19:05:46","date_gmt":"2025-06-10T22:05:46","guid":{"rendered":"https:\/\/www.portalalerta.com.br\/?p=72629"},"modified":"2025-06-10T19:05:48","modified_gmt":"2025-06-10T22:05:48","slug":"apos-prisao-de-criminalista-com-drogas-presidio-limita-acesso-de-outros-advogados","status":"publish","type":"post","link":"https:\/\/www.portalalerta.com.br\/index.php\/2025\/06\/10\/apos-prisao-de-criminalista-com-drogas-presidio-limita-acesso-de-outros-advogados\/","title":{"rendered":"Ap\u00f3s pris\u00e3o de criminalista com drogas, pres\u00eddio limita acesso de outros advogados"},"content":{"rendered":"\n<p>Cinco dias ap\u00f3s o advogado Alexandre Laranjeiras da Silva Santos ter sido preso quando tenta levar droga e receber carta de um detendo do Conjunto Penal de Serrinha, a dire\u00e7\u00e3o da unidade de seguran\u00e7a m\u00e1xima baixou uma portaria no dia 30 de maio com algumas restri\u00e7\u00f5es para o acesso de advogados, como exig\u00eancia de comprovante de endere\u00e7o, procura\u00e7\u00e3o atualizada e agendamento pr\u00e9vio.<\/p>\n\n\n\n<!--more-->\n\n\n<div class=\"wp-block-image\">\n<figure class=\"alignleft size-large is-resized\"><img fetchpriority=\"high\" decoding=\"async\" src=\"https:\/\/www.portalalerta.com.br\/wp-content\/uploads\/2024\/04\/autoescola-emprego-1024x1024.jpg\" alt=\"\" class=\"wp-image-55693\" width=\"400\" height=\"400\" srcset=\"https:\/\/www.portalalerta.com.br\/wp-content\/uploads\/2024\/04\/autoescola-emprego-1024x1024.jpg 1024w, https:\/\/www.portalalerta.com.br\/wp-content\/uploads\/2024\/04\/autoescola-emprego-240x240.jpg 240w, https:\/\/www.portalalerta.com.br\/wp-content\/uploads\/2024\/04\/autoescola-emprego-768x768.jpg 768w, https:\/\/www.portalalerta.com.br\/wp-content\/uploads\/2024\/04\/autoescola-emprego.jpg 1080w\" sizes=\"(max-width: 400px) 100vw, 400px\" \/><\/figure><\/div>\n\n\n<p> Para a categoria, as medidas violam direitos constitucionais e prerrogativas profissionais. \u201cA dire\u00e7\u00e3o n\u00e3o pode reduzir a classe, composta por 90 mil advogados, a condutas pontuais\u201d, declara o advogado Heraldo Souza, que tentou ter acesso aos seus clientes na quinta (05) e sexta (06). Nesta segunda (09) est\u00e1 prevista uma reuni\u00e3o entre a Ordem dos Advogados do Brasil (OAB) na Bahia e o diretor da unidade.<\/p>\n\n\n\n<p><em>Fonte: A voz do campo<\/em><\/p>\n","protected":false},"excerpt":{"rendered":"<p>Cinco dias ap\u00f3s o advogado Alexandre Laranjeiras da Silva Santos ter sido preso quando tenta levar droga e receber carta de um detendo do Conjunto Penal de Serrinha, a dire\u00e7\u00e3o da unidade de seguran\u00e7a m\u00e1xima baixou uma portaria no dia 30 de maio com algumas restri\u00e7\u00f5es para o acesso de advogados, como exig\u00eancia de comprovante &hellip;<\/p>\n","protected":false},"author":2,"featured_media":72624,"comment_status":"open","ping_status":"open","sticky":false,"template":"","format":"standard","meta":{"om_disable_all_campaigns":false,"_monsterinsights_skip_tracking":false,"_monsterinsights_sitenote_active":false,"_monsterinsights_sitenote_note":"","_monsterinsights_sitenote_category":0,"footnotes":""},"categories":[33,70,69,22],"tags":[100,71,48,75,4178,4180,129,107,4181,132,230,106,203,120,51,268,109,88,47,8051,111,190],"class_list":["post-72629","post","type-post","status-publish","format-standard","has-post-thumbnail","hentry","category-bahia","category-destaques","category-noticias2","category-seguranca","tag-adustina","tag-antas","tag-araci","tag-cicero-dantas","tag-cipo-2","tag-crisopolis-2","tag-euclides-da-cunha","tag-fatima","tag-heliopolis-2","tag-itapicuru","tag-jeremoabo","tag-nova-soure","tag-novo-triunfo","tag-olindina","tag-paripiranga","tag-presidio","tag-quijingue","tag-ribeira-do-amparo","tag-ribeira-do-pombal","tag-serrinha-bahia","tag-sitio-do-quinto","tag-tucano"],"aioseo_notices":[],"_links":{"self":[{"href":"https:\/\/www.portalalerta.com.br\/index.php\/wp-json\/wp\/v2\/posts\/72629","targetHints":{"allow":["GET"]}}],"collection":[{"href":"https:\/\/www.portalalerta.com.br\/index.php\/wp-json\/wp\/v2\/posts"}],"about":[{"href":"https:\/\/www.portalalerta.com.br\/index.php\/wp-json\/wp\/v2\/types\/post"}],"author":[{"embeddable":true,"href":"https:\/\/www.portalalerta.com.br\/index.php\/wp-json\/wp\/v2\/users\/2"}],"replies":[{"embeddable":true,"href":"https:\/\/www.portalalerta.com.br\/index.php\/wp-json\/wp\/v2\/comments?post=72629"}],"version-history":[{"count":1,"href":"https:\/\/www.portalalerta.com.br\/index.php\/wp-json\/wp\/v2\/posts\/72629\/revisions"}],"predecessor-version":[{"id":72630,"href":"https:\/\/www.portalalerta.com.br\/index.php\/wp-json\/wp\/v2\/posts\/72629\/revisions\/72630"}],"wp:featuredmedia":[{"embeddable":true,"href":"https:\/\/www.portalalerta.com.br\/index.php\/wp-json\/wp\/v2\/media\/72624"}],"wp:attachment":[{"href":"https:\/\/www.portalalerta.com.br\/index.php\/wp-json\/wp\/v2\/media?parent=72629"}],"wp:term":[{"taxonomy":"category","embeddable":true,"href":"https:\/\/www.portalalerta.com.br\/index.php\/wp-json\/wp\/v2\/categories?post=72629"},{"taxonomy":"post_tag","embeddable":true,"href":"https:\/\/www.portalalerta.com.br\/index.php\/wp-json\/wp\/v2\/tags?post=72629"}],"curies":[{"name":"wp","href":"https:\/\/api.w.org\/{rel}","templated":true}]}}