{"id":72634,"date":"2025-06-10T19:12:15","date_gmt":"2025-06-10T22:12:15","guid":{"rendered":"https:\/\/www.portalalerta.com.br\/?p=72634"},"modified":"2025-06-10T19:12:17","modified_gmt":"2025-06-10T22:12:17","slug":"bolsonaro-nega-ter-incentivado-atos-do-8-1-e-chama-de-malucos-apoiadores-que-pedem-intervencao-militar","status":"publish","type":"post","link":"https:\/\/www.portalalerta.com.br\/index.php\/2025\/06\/10\/bolsonaro-nega-ter-incentivado-atos-do-8-1-e-chama-de-malucos-apoiadores-que-pedem-intervencao-militar\/","title":{"rendered":"Bolsonaro nega ter incentivado atos do 8\/1 e chama de &#8216;malucos&#8217; apoiadores que pedem interven\u00e7\u00e3o militar"},"content":{"rendered":"\n<p>Ex-presidente negou ter incentivado apoiadores a invadirem as sedes dos Tr\u00eas Poderes, em 8 de janeiro de 2023, e minimizou pedidos de interven\u00e7\u00e3o militar e de um novo decreto AI-5.<\/p>\n\n\n\n<!--more-->\n\n\n\n<p>Bolsonaro chama de &#8216;malucos&#8217; apoiadores que pediram interven\u00e7\u00e3o militar<\/p>\n\n\n\n<p>O ex-presidente&nbsp;<a href=\"https:\/\/g1.globo.com\/politica\/politico\/jair-bolsonaro\/\"><strong>Jair Bolsonaro<\/strong><\/a>&nbsp;(PL) negou, nesta ter\u00e7a-feira (10), ter incentivado qualquer&nbsp;<strong>movimenta\u00e7\u00e3o antidemocr\u00e1tica&nbsp;<\/strong>em 8 de janeiro de 2023, e afirmou que, mesmo sem aval dele, existem &#8220;malucos&#8221; que pedem por um novo AI-5, uma interven\u00e7\u00e3o militar no pa\u00eds.<\/p>\n\n\n\n<p><em>\ud83d\udd0eO AI-5 (Ato Institucional n\u00ba 5) foi um decreto promulgado em 13 de dezembro de 1968 durante a ditadura militar no Brasil, considerado o ato mais duro e que recrudesceu os atos de repress\u00e3o pol\u00edtica, j\u00e1 em vigor durante a ditadura militar (1964-1985).<\/em><\/p>\n\n\n\n<p><strong>&#8220;Tem os malucos que ficam com essa ideia de AI-5, de interven\u00e7\u00e3o militar das For\u00e7as Armadas&#8230; que os chefes das For\u00e7as Armadas jamais iam embarcar nessa s\u00f3 porque o pessoal estava pedindo ali&#8221;, afirmou o ex-presidente.<\/strong><\/p>\n\n\n\n<p>Bolsonaro deu a declara\u00e7\u00e3o durante interrogat\u00f3rio na Primeira Turma do Supremo Tribunal Federal (<a href=\"https:\/\/g1.globo.com\/tudo-sobre\/supremo-tribunal-federal\/\"><strong>STF<\/strong><\/a>). Ele foi o sexto r\u00e9u a prestar depoimento no processo penal sobre tentativa de golpe de Estado.<\/p>\n\n\n\n<p><strong>Invas\u00f5es de 8 de janeiro<\/strong><\/p>\n\n\n\n<p>Durante o interrogat\u00f3rio nesta ter\u00e7a, Bolsonaro foi questionado sobre as manifesta\u00e7\u00f5es conta o resultado das elei\u00e7\u00f5es,&nbsp;e frisou que fez um v\u00eddeo pedindo a desobstru\u00e7\u00e3o das vias:&nbsp;&#8220;Se eu almejasse um caos no Brasil, era s\u00f3 ficar quieto&#8221;.<\/p>\n\n\n\n<p><strong>&#8220;N\u00f3s repudiamos tudo isso a\u00ed. Com todo respeito, doutor Paulo Gonet, n\u00e3o procede que eu colaborei com o 8 de janeiro. N\u00e3o tem nada meu ali, estimulando aquela baderna que n\u00f3s repudiamos&#8221;, disse.<\/strong><\/p>\n\n\n\n<p>Ele tamb\u00e9m disse que, antes de viajar para os Estados Unidos, fez uma live em que afirmou que n\u00e3o queria confronto. Declarou que n\u00e3o estimulou que ningu\u00e9m fizesse nada ilegal, e que esteve recluso no Alvorada.<\/p>\n\n\n\n<p>Durante manifesta\u00e7\u00f5es a favor do ex-presidente ap\u00f3s o resultado das urnas, brasileiros foram \u00e0s ruas com faixas pedindo por interven\u00e7\u00e3o militar com Bolsonaro \u00e0 frente do governo.<\/p>\n\n\n\n<p><strong>&#8220;Eu pacifiquei ao m\u00e1ximo que pude durante os dois meses de transi\u00e7\u00e3o. N\u00e3o teve est\u00edmulo da minha parte a fazer nada de errado. Obviamente, perdi a elei\u00e7\u00e3o, n\u00e3o convoquei ningu\u00e9m pra fazer protestos, fazer qualquer coisa ilegal ou at\u00e9 mesmo legal. Eu simplesmente te fiquei recluso no Pal\u00e1cio da Alvorada&#8221;.<\/strong><\/p>\n\n\n\n<p>O Procurador-Geral da Rep\u00fablica, Paulo Gonet, frisou que gostaria de ouvir do ex-presidente se ele n\u00e3o atuou para desmobilizar os apoiadores que estavam acampados na frente de quart\u00e9is pelo pa\u00eds clamando por interven\u00e7\u00e3o militar, que significava uma quebra de normalidade democr\u00e1tica.<\/p>\n\n\n\n<p><strong>&#8220;Alguns poucos falavam at\u00e9 em AI-5. Quantas vezes eu orientava o pessoal que chegava, em movimentos nossos pelo Brasil, eu chegava para quem estava com a placa do AI-5. Questionava: &#8216;O que \u00e9 AI-5&#8217;. Eles nem sabiam o que era isso. Interven\u00e7\u00e3o militar, isso n\u00e3o existe. \u00c9 pedir pro senhor praticar o suic\u00eddio, isso n\u00e3o existe. Deixa o pessoal desabafar&#8221;.<\/strong><\/p>\n\n\n\n<p>&#8220;O que n\u00f3s poder\u00edamos fazer, uma interven\u00e7\u00e3o muito forte.&nbsp;Se n\u00f3s desmobiliz\u00e1ssemos aquilo, poderia o pessoal ir na regi\u00e3o aqui da Pra\u00e7a dos Tr\u00eas Poderes, o que \u00e9 pior ainda. [\u00c9 melhor] ficar l\u00e1, afastado&#8221;, seguiu Bolsonaro.<\/p>\n\n\n\n<p><em>Fonte: g1<\/em><\/p>\n","protected":false},"excerpt":{"rendered":"<p>Ex-presidente negou ter incentivado apoiadores a invadirem as sedes dos Tr\u00eas Poderes, em 8 de janeiro de 2023, e minimizou pedidos de interven\u00e7\u00e3o militar e de um novo decreto AI-5.<\/p>\n","protected":false},"author":2,"featured_media":72626,"comment_status":"open","ping_status":"open","sticky":false,"template":"","format":"standard","meta":{"om_disable_all_campaigns":false,"_monsterinsights_skip_tracking":false,"_monsterinsights_sitenote_active":false,"_monsterinsights_sitenote_note":"","_monsterinsights_sitenote_category":0,"footnotes":""},"categories":[34,70,69,21],"tags":[100,71,48,93,75,4178,4180,413,129,107,4181,132,1395,230,106,203,120,51,109,88,47,111,216,190],"class_list":["post-72634","post","type-post","status-publish","format-standard","has-post-thumbnail","hentry","category-brasil","category-destaques","category-noticias2","category-politica","tag-adustina","tag-antas","tag-araci","tag-brasil","tag-cicero-dantas","tag-cipo-2","tag-crisopolis-2","tag-depoimento","tag-euclides-da-cunha","tag-fatima","tag-heliopolis-2","tag-itapicuru","tag-jair-bolsonaro","tag-jeremoabo","tag-nova-soure","tag-novo-triunfo","tag-olindina","tag-paripiranga","tag-quijingue","tag-ribeira-do-amparo","tag-ribeira-do-pombal","tag-sitio-do-quinto","tag-stf","tag-tucano"],"aioseo_notices":[],"_links":{"self":[{"href":"https:\/\/www.portalalerta.com.br\/index.php\/wp-json\/wp\/v2\/posts\/72634","targetHints":{"allow":["GET"]}}],"collection":[{"href":"https:\/\/www.portalalerta.com.br\/index.php\/wp-json\/wp\/v2\/posts"}],"about":[{"href":"https:\/\/www.portalalerta.com.br\/index.php\/wp-json\/wp\/v2\/types\/post"}],"author":[{"embeddable":true,"href":"https:\/\/www.portalalerta.com.br\/index.php\/wp-json\/wp\/v2\/users\/2"}],"replies":[{"embeddable":true,"href":"https:\/\/www.portalalerta.com.br\/index.php\/wp-json\/wp\/v2\/comments?post=72634"}],"version-history":[{"count":1,"href":"https:\/\/www.portalalerta.com.br\/index.php\/wp-json\/wp\/v2\/posts\/72634\/revisions"}],"predecessor-version":[{"id":72635,"href":"https:\/\/www.portalalerta.com.br\/index.php\/wp-json\/wp\/v2\/posts\/72634\/revisions\/72635"}],"wp:featuredmedia":[{"embeddable":true,"href":"https:\/\/www.portalalerta.com.br\/index.php\/wp-json\/wp\/v2\/media\/72626"}],"wp:attachment":[{"href":"https:\/\/www.portalalerta.com.br\/index.php\/wp-json\/wp\/v2\/media?parent=72634"}],"wp:term":[{"taxonomy":"category","embeddable":true,"href":"https:\/\/www.portalalerta.com.br\/index.php\/wp-json\/wp\/v2\/categories?post=72634"},{"taxonomy":"post_tag","embeddable":true,"href":"https:\/\/www.portalalerta.com.br\/index.php\/wp-json\/wp\/v2\/tags?post=72634"}],"curies":[{"name":"wp","href":"https:\/\/api.w.org\/{rel}","templated":true}]}}