{"id":72639,"date":"2025-06-10T23:40:40","date_gmt":"2025-06-11T02:40:40","guid":{"rendered":"https:\/\/www.portalalerta.com.br\/?p=72639"},"modified":"2025-06-10T23:40:42","modified_gmt":"2025-06-11T02:40:42","slug":"ele-nao-queria-que-ela-ficasse-com-mais-ninguem-diz-advogada-da-familia-de-raissa","status":"publish","type":"post","link":"https:\/\/www.portalalerta.com.br\/index.php\/2025\/06\/10\/ele-nao-queria-que-ela-ficasse-com-mais-ninguem-diz-advogada-da-familia-de-raissa\/","title":{"rendered":"\u201cEle n\u00e3o queria que ela ficasse com mais ningu\u00e9m\u201d, diz advogada da fam\u00edlia de Ra\u00edssa"},"content":{"rendered":"\n<p>A advogada da fam\u00edlia de Ra\u00edssa Suellen Ferreira, de 23 anos, acredita que o crime cometido pelo humorista Marcelo Alves contra a o jovem tenha sido premeditado: \u201cEle n\u00e3o queria que ela ficasse com mais ningu\u00e9m\u201d, afirmou na tarde desta segunda-feira (9), em entrevista, a doutora Carina Goiat\u00e1.<\/p>\n\n\n\n<!--more-->\n\n\n\n<p>Segundo advogada, \u00e9 mentira que o crime tenha acontecido no calor do momento, j\u00e1 que Marcelo levou a jovem at\u00e9 a casa dele. \u201cTudo planejado por ele. Essa hist\u00f3ria de forte emo\u00e7\u00e3o n\u00e3o existe. Essa hist\u00f3ria de violenta emo\u00e7\u00e3o n\u00e3o existe. Fez uma proposta irrecus\u00e1vel para ela entrar no carro. Ele viu que nunca teria chance com ela. Escondeu o corpo para que ela n\u00e3o ficasse com mais ningu\u00e9m. Teve oito dias para pensar no que dizer a pol\u00edcia e, orientado por advogados, falou isso\u201d, disse a advogada.<\/p>\n\n\n\n<p>De acordo com Carina Goiat\u00e1, antes de entrar na delegacia e confessar o crime, o suspeito enviou um \u00e1udio a irm\u00e3 da jovem, Nat\u00e1lia Silva, contando o que tinha feito. \u201cEle mandou um \u00e1udio antes de entrar na delegacia, com esse papo de estar arrependimento. Mas que arrependimento \u00e9 esse em que ele ficou oito dias falando com a fam\u00edlia da Ra\u00edssa. Como viu a repercuss\u00e3o, achou melhor a confiss\u00e3o\u201d, destacou.<\/p>\n\n\n\n<p><strong>Corpo encontrado<\/strong><\/p>\n\n\n\n<p>O corpo da jovem Ra\u00edssa Suellen Ferreira, de 23 anos, foi encontrado na tarde desta segunda-feira (9) pela Pol\u00edcia C\u00edvil do Paran\u00e1, em Arauc\u00e1ria, na Regi\u00e3o Metropolitana de Curitiba. Com isso, o humorista Marcelo Alves, que confessou o assassinato da jovem, e o filho dele, que foi com o pai ao local em que o corpo foi enterrado, foram presos em flagrante por oculta\u00e7\u00e3o de cad\u00e1ver. Raissa chegou a ser Miss Serra Branca Teen da Bahia.<\/p>\n\n\n\n<p>Pela manh\u00e3, a delegada Aline Manzatto, que investiga que o caso, afirmou que era cedo para se falar em uma pris\u00e3o pelo assassinato, mas agora j\u00e1 confirmou que pedir\u00e1 a pris\u00e3o do humorista.<\/p>\n\n\n\n<p>\u201cVou pedir a pris\u00e3o preventiva dele pela repercuss\u00e3o do caso e porque o corpo foi localizado. Conforme o que foi falado, o corpo estava em uma lona em uma cova rasa. O pr\u00f3prio suspeito disse que foi uma cova com pouco tamanho. Tudo o que ele falou at\u00e9 agora foi confirmado\u201d, disse a delegada.<\/p>\n\n\n\n<p>Ainda na entrevista ao Portal Nosso Dia, a delegada afirmou que o filho tamb\u00e9m ser\u00e1 preso em flagrante. \u201cO filho vai responder pela oculta\u00e7\u00e3o de cad\u00e1ver. Os dois ser\u00e3o presos em flagrante e, pela repercuss\u00e3o do crime e garantia da seguran\u00e7a do suspeito, vou pedir a pris\u00e3o preventiva \u201c, destacou.<\/p>\n\n\n\n<p><strong>O crime<\/strong><\/p>\n\n\n\n<p>Segundo a delegada, Marcelo inventou a oportunidade de emprego em S\u00e3o Paulo a Raissa, com o intuito de lev\u00e1-la para casa dele, na segunda-feira da semana passada, onde revelaria que estava apaixonado. \u201cEle teria contado uma hist\u00f3ria para conseguir que ela fosse at\u00e9 a casa dele, iria arrumar um emprego em S\u00e3o Paulo. A\u00ed, ele levou ela para almo\u00e7ar, primeiro dali levou para casa dele, onde na verdade tinha a inten\u00e7\u00e3o de se declarar, declarar o amor por ela. Os dois se conheciam desde a inf\u00e2ncia, ele treinou a Ra\u00edssa em Kung Fu, em um projeto social que ele tinha na Bahia, ent\u00e3o ele Ra\u00edssa desde pequena\u201d, explicou a delegada.<\/p>\n\n\n\n<p>De acordo com Aline Manzatto, o suspeito contou que a rea\u00e7\u00e3o de Ra\u00edssa, ao ouvir a declara\u00e7\u00e3o, foi de xingamentos e isso irritou o humorista, que cometeu o crime. \u201cQuando ele se declara para ela, ela se mostra explosiva e passa a xing\u00e1-lo, falar que ele \u00e9 nojento, que \u00e9 mentiroso, que \u00e9 feio, e a\u00ed isso da\u00ed desperta uma ira nele. Ele contou que ficou com \u00f3dio e descontrolado e a\u00ed pegou esse enforca-gato e estrangulou a v\u00edtima, deixando ela em um c\u00f4modo da casa e indo para outro. Dez minutos ap\u00f3s, ele retorna e a Ra\u00edssa est\u00e1 morta\u201d, contou.<\/p>\n\n\n\n<p>Ap\u00f3s o crime, o filho de Marcelo \u00e9 chamado at\u00e9 a resid\u00eancia e pede para o pai se entregar, o que n\u00e3o aconteceu. \u201cO filho tenta convenc\u00ea-lo a se entregar \u00e0s autoridades, mas ele fala que n\u00e3o, e a\u00ed ele coloca o corpo da Ra\u00edssa no porta-malas de um ve\u00edculo, que tinha emprestado de um amigo, e junto com o filho vai at\u00e9 a cidade de Arauc\u00e1ria, onde deixou o corpo\u201d, disse.<\/p>\n\n\n\n<p>Por fim, ela confirmou que o humorista prestou depoimento bastante emocionado. \u201cEle estava emocionado e parece bastante arrependido. Parece ser uma pessoa tranquila, ent\u00e3o, d\u00e1 a entender que realmente houve uma situa\u00e7\u00e3o ali de rompante, de \u00f3dio, n\u00e9\u201d, disse a delegada, que foi questionada pelo Portal Nosso Dia pelo fato do suspeito n\u00e3o ter demonstrado emo\u00e7\u00e3o ao mentir \u00e0 fam\u00edlia de Ra\u00edssa e oferecer at\u00e9 abrigo para que ela fosse localizada. \u201cIsso tudo que estou dizendo, a partir de agora a gente come\u00e7a a montar todas pe\u00e7as do quebra-cabe\u00e7a, para conseguir determinar o que aconteceu, como aconteceu e quais as consequ\u00eancias para ele a partir de agora\u201d, concluiu.<\/p>\n\n\n\n<p><em>Fonte: pa4<\/em><\/p>\n","protected":false},"excerpt":{"rendered":"<p>A advogada da fam\u00edlia de Ra\u00edssa Suellen Ferreira, de 23 anos, acredita que o crime cometido pelo humorista Marcelo Alves contra a o jovem tenha sido premeditado: \u201cEle n\u00e3o queria que ela ficasse com mais ningu\u00e9m\u201d, afirmou na tarde desta segunda-feira (9), em entrevista, a doutora Carina Goiat\u00e1.<\/p>\n","protected":false},"author":2,"featured_media":72636,"comment_status":"open","ping_status":"open","sticky":false,"template":"","format":"standard","meta":{"om_disable_all_campaigns":false,"_monsterinsights_skip_tracking":false,"_monsterinsights_sitenote_active":false,"_monsterinsights_sitenote_note":"","_monsterinsights_sitenote_category":0,"footnotes":""},"categories":[33,34,70,69,22],"tags":[100,71,48,75,4178,4180,441,129,107,222,4181,206,132,230,106,203,120,51,118,109,88,47,111,190],"class_list":["post-72639","post","type-post","status-publish","format-standard","has-post-thumbnail","hentry","category-bahia","category-brasil","category-destaques","category-noticias2","category-seguranca","tag-adustina","tag-antas","tag-araci","tag-cicero-dantas","tag-cipo-2","tag-crisopolis-2","tag-curitiba","tag-euclides-da-cunha","tag-fatima","tag-feminicidio","tag-heliopolis-2","tag-homicidio","tag-itapicuru","tag-jeremoabo","tag-nova-soure","tag-novo-triunfo","tag-olindina","tag-paripiranga","tag-paulo-afonso","tag-quijingue","tag-ribeira-do-amparo","tag-ribeira-do-pombal","tag-sitio-do-quinto","tag-tucano"],"aioseo_notices":[],"_links":{"self":[{"href":"https:\/\/www.portalalerta.com.br\/index.php\/wp-json\/wp\/v2\/posts\/72639","targetHints":{"allow":["GET"]}}],"collection":[{"href":"https:\/\/www.portalalerta.com.br\/index.php\/wp-json\/wp\/v2\/posts"}],"about":[{"href":"https:\/\/www.portalalerta.com.br\/index.php\/wp-json\/wp\/v2\/types\/post"}],"author":[{"embeddable":true,"href":"https:\/\/www.portalalerta.com.br\/index.php\/wp-json\/wp\/v2\/users\/2"}],"replies":[{"embeddable":true,"href":"https:\/\/www.portalalerta.com.br\/index.php\/wp-json\/wp\/v2\/comments?post=72639"}],"version-history":[{"count":2,"href":"https:\/\/www.portalalerta.com.br\/index.php\/wp-json\/wp\/v2\/posts\/72639\/revisions"}],"predecessor-version":[{"id":72643,"href":"https:\/\/www.portalalerta.com.br\/index.php\/wp-json\/wp\/v2\/posts\/72639\/revisions\/72643"}],"wp:featuredmedia":[{"embeddable":true,"href":"https:\/\/www.portalalerta.com.br\/index.php\/wp-json\/wp\/v2\/media\/72636"}],"wp:attachment":[{"href":"https:\/\/www.portalalerta.com.br\/index.php\/wp-json\/wp\/v2\/media?parent=72639"}],"wp:term":[{"taxonomy":"category","embeddable":true,"href":"https:\/\/www.portalalerta.com.br\/index.php\/wp-json\/wp\/v2\/categories?post=72639"},{"taxonomy":"post_tag","embeddable":true,"href":"https:\/\/www.portalalerta.com.br\/index.php\/wp-json\/wp\/v2\/tags?post=72639"}],"curies":[{"name":"wp","href":"https:\/\/api.w.org\/{rel}","templated":true}]}}