{"id":72652,"date":"2025-06-10T23:52:30","date_gmt":"2025-06-11T02:52:30","guid":{"rendered":"https:\/\/www.portalalerta.com.br\/?p=72652"},"modified":"2025-06-10T23:52:31","modified_gmt":"2025-06-11T02:52:31","slug":"bolsonaro-convida-alexandre-de-moraes-para-vice-em-2026","status":"publish","type":"post","link":"https:\/\/www.portalalerta.com.br\/index.php\/2025\/06\/10\/bolsonaro-convida-alexandre-de-moraes-para-vice-em-2026\/","title":{"rendered":"Bolsonaro convida Alexandre de Moraes para vice em 2026."},"content":{"rendered":"\n<p><strong>Ex-presidente arrancou risos dos presentes, incluindo seu interrogador no STF<\/strong><\/p>\n\n\n\n<!--more-->\n\n\n\n<p><strong>Brincadeira de Bolsonaro divertiu os presentes no STF<\/strong>.<\/p>\n\n\n\n<p><strong>O ex-presidente Jair Bolsonaro (PL) arrancou risos dos presentes na sala da Primeira Turma do Supremo Tribunal Federal (STF), na tarde desta ter\u00e7a-feira, 10, ao convidar seu interrogador, o ministro Alexandre de Moraes, para ser seu candidato a vice-presidente nas elei\u00e7\u00f5es de 2026.<\/strong><\/p>\n\n\n\n<p><strong>O pr\u00f3prio Moraes riu diante da brincadeira de Bolsonaro, quebrando o clima de tens\u00e3o durante o depoimento do ex-presidente da Rep\u00fablica.<\/strong><\/p>\n\n\n<div class=\"wp-block-image\">\n<figure class=\"alignleft size-large is-resized\"><img decoding=\"async\" src=\"https:\/\/www.portalalerta.com.br\/wp-content\/uploads\/2025\/06\/Real-Sao-Joao-2025-819x1024.jpg\" alt=\"\" class=\"wp-image-72448\" width=\"435\" srcset=\"https:\/\/www.portalalerta.com.br\/wp-content\/uploads\/2025\/06\/Real-Sao-Joao-2025-819x1024.jpg 819w, https:\/\/www.portalalerta.com.br\/wp-content\/uploads\/2025\/06\/Real-Sao-Joao-2025-192x240.jpg 192w, https:\/\/www.portalalerta.com.br\/wp-content\/uploads\/2025\/06\/Real-Sao-Joao-2025-768x960.jpg 768w, https:\/\/www.portalalerta.com.br\/wp-content\/uploads\/2025\/06\/Real-Sao-Joao-2025.jpg 1024w\" sizes=\"(max-width: 819px) 100vw, 819px\" \/><\/figure><\/div>\n\n\n<p><strong>Bolsonaro contou que pretende ir para o Rio Grande do Norte na pr\u00f3xima quinta-feira, 12, e pediu autoriza\u00e7\u00e3o para enviar a Moraes imagens de sua recep\u00e7\u00e3o na regi\u00e3o Nordeste do Brasil. Ao ouvir resposta negativa, o ex-presidente decidiu brincar com o ministro, convidando-o para ser seu vice.<\/strong><\/p>\n\n\n\n<p><strong>\u2014 Pretendo, na quinta, na sexta e no s\u00e1bado, estar no Rio Grande do Norte, visitando uns oito munic\u00edpios. Se o senhor me permitir, logicamente, eu posso mandar umas imagens para o senhor ver como o povo nos trata na rua \u2014 disse Bolsonaro.<\/strong><\/p>\n\n\n\n<p><strong>\u2014 Eu declino \u2014 respondeu Moraes.<\/strong><\/p>\n\n\n\n<p><strong>\u2014 Sim, senhor. Posso fazer uma brincadeira? \u2014 perguntou o ex-presidente.<\/strong><\/p>\n\n\n\n<p><strong>\u2014 O senhor que sabe. Eu perguntaria a seus advogados antes \u2014 replicou Moraes, em tom bem humorado.<\/strong><\/p>\n\n\n\n<p><strong>\u2014 Eu gostaria de convid\u00e1-lo para ser meu vice em 2026 \u2014 arriscou Bolsonaro, sorrindo.<\/strong><\/p>\n\n\n\n<p><strong>\u2014 Eu declino novamente \u2014 respondeu o ministro do STF.<\/strong><\/p>\n\n\n\n<p><strong>\u2014 Meu ministro, desculpe aqui \u2014 despistou Bolsonaro, antes de voltar a falar de outros temas.<\/strong><\/p>\n\n\n\n<p><strong>Apesar da brincadeira, neste momento, Bolsonaro n\u00e3o pode ser candidato a presidente da Rep\u00fablica em 2026, j\u00e1 que&nbsp;<a href=\"https:\/\/atarde.com.br\/politica\/brasil\/tse-forma-maioria-para-tornar-bolsonaro-inelegivel-por-8-anos-1233984\" target=\"_blank\" rel=\"noreferrer noopener\">foi declarado ineleg\u00edvel em decis\u00e3o do Tribunal Superior Eleitoral (TSE).<\/a><\/strong><\/p>\n\n\n\n<p><strong>Trama golpista<\/strong><\/p>\n\n\n\n<p><strong>Durante o interrogat\u00f3rio,&nbsp;<a href=\"https:\/\/atarde.com.br\/politica\/bolsonaro-encara-moraes-e-nega-trama-golpista-nao-procede-1330440\" target=\"_blank\" rel=\"noreferrer noopener\">Bolsonaro negou novamente a exist\u00eancia de qualquer trama com o objetivo de executar um golpe de Estado<\/a>&nbsp;logo ap\u00f3s as elei\u00e7\u00f5es de 2022.<\/strong><\/p>\n\n\n\n<p><strong>\u201cN\u00e3o procede a acusa\u00e7\u00e3o, Excel\u00eancia\u201d, garantiu o ex-presidente, para logo depois reafirmar sua desconfian\u00e7a frente \u00e0s urnas eletr\u00f4nicas.<\/strong><\/p>\n\n\n\n<p><strong>&#8220;A desconfian\u00e7a das urnas n\u00e3o \u00e9 algo privativo meu&#8221;, afirmou Bolsonaro na sequ\u00eancia.<\/strong><\/p>\n\n\n\n<p><strong>A declara\u00e7\u00e3o de Bolsonaro, por outro lado, vai de encontro \u00e0s afirma\u00e7\u00f5es do tenente-coronel Mauro Cid, seu ex-ajudante de ordens, que disse nesta segunda-feira, 9, durante seu depoimento, ter havido sim uma trama golpista, com a ci\u00eancia do ex-presidente da Rep\u00fablica.<\/strong><\/p>\n\n\n\n<p><strong>Cid afirmou ter &#8220;presenciado grande parte dos fatos&#8221; e a exist\u00eancia de um documento que previa a pris\u00e3o de ministros do STF e de parlamentares do Congresso Federal. De acordo com ele, o ex-presidente Bolsonaro teria lido esse documento e modificado o texto.<\/strong><\/p>\n\n\n\n<p><strong>&#8220;Sim, [Bolsonaro] recebeu e leu. Ele enxugou o documento. Basicamente, retirando as autoridades das pris\u00f5es, somente o senhor [Moraes] ficaria como preso. O resto, n\u00e3o&#8221;, pontuou.<\/strong><\/p>\n\n\n\n<p><em>Fonte: A tarde<\/em><\/p>\n","protected":false},"excerpt":{"rendered":"<p>Ex-presidente arrancou risos dos presentes, incluindo seu interrogador no STF<\/p>\n","protected":false},"author":2,"featured_media":72638,"comment_status":"open","ping_status":"open","sticky":false,"template":"","format":"standard","meta":{"om_disable_all_campaigns":false,"_monsterinsights_skip_tracking":false,"_monsterinsights_sitenote_active":false,"_monsterinsights_sitenote_note":"","_monsterinsights_sitenote_category":0,"footnotes":""},"categories":[34,70,69,21],"tags":[100,1173,71,48,93,75,4178,4765,4180,413,129,107,839,4181,132,1395,230,106,203,120,51,109,88,47,111,216,190,7014],"class_list":["post-72652","post","type-post","status-publish","format-standard","has-post-thumbnail","hentry","category-brasil","category-destaques","category-noticias2","category-politica","tag-adustina","tag-alexandre-de-moraes","tag-antas","tag-araci","tag-brasil","tag-cicero-dantas","tag-cipo-2","tag-convite","tag-crisopolis-2","tag-depoimento","tag-euclides-da-cunha","tag-fatima","tag-golpe","tag-heliopolis-2","tag-itapicuru","tag-jair-bolsonaro","tag-jeremoabo","tag-nova-soure","tag-novo-triunfo","tag-olindina","tag-paripiranga","tag-quijingue","tag-ribeira-do-amparo","tag-ribeira-do-pombal","tag-sitio-do-quinto","tag-stf","tag-tucano","tag-vice-presidente-2"],"aioseo_notices":[],"_links":{"self":[{"href":"https:\/\/www.portalalerta.com.br\/index.php\/wp-json\/wp\/v2\/posts\/72652","targetHints":{"allow":["GET"]}}],"collection":[{"href":"https:\/\/www.portalalerta.com.br\/index.php\/wp-json\/wp\/v2\/posts"}],"about":[{"href":"https:\/\/www.portalalerta.com.br\/index.php\/wp-json\/wp\/v2\/types\/post"}],"author":[{"embeddable":true,"href":"https:\/\/www.portalalerta.com.br\/index.php\/wp-json\/wp\/v2\/users\/2"}],"replies":[{"embeddable":true,"href":"https:\/\/www.portalalerta.com.br\/index.php\/wp-json\/wp\/v2\/comments?post=72652"}],"version-history":[{"count":1,"href":"https:\/\/www.portalalerta.com.br\/index.php\/wp-json\/wp\/v2\/posts\/72652\/revisions"}],"predecessor-version":[{"id":72654,"href":"https:\/\/www.portalalerta.com.br\/index.php\/wp-json\/wp\/v2\/posts\/72652\/revisions\/72654"}],"wp:featuredmedia":[{"embeddable":true,"href":"https:\/\/www.portalalerta.com.br\/index.php\/wp-json\/wp\/v2\/media\/72638"}],"wp:attachment":[{"href":"https:\/\/www.portalalerta.com.br\/index.php\/wp-json\/wp\/v2\/media?parent=72652"}],"wp:term":[{"taxonomy":"category","embeddable":true,"href":"https:\/\/www.portalalerta.com.br\/index.php\/wp-json\/wp\/v2\/categories?post=72652"},{"taxonomy":"post_tag","embeddable":true,"href":"https:\/\/www.portalalerta.com.br\/index.php\/wp-json\/wp\/v2\/tags?post=72652"}],"curies":[{"name":"wp","href":"https:\/\/api.w.org\/{rel}","templated":true}]}}