{"id":72660,"date":"2025-06-11T00:38:19","date_gmt":"2025-06-11T03:38:19","guid":{"rendered":"https:\/\/www.portalalerta.com.br\/?p=72660"},"modified":"2025-06-11T01:07:14","modified_gmt":"2025-06-11T04:07:14","slug":"osvaldo-junior-diante-do-forro-a-felicidade-das-apaixonadas-e-inegociavel","status":"publish","type":"post","link":"https:\/\/www.portalalerta.com.br\/index.php\/2025\/06\/11\/osvaldo-junior-diante-do-forro-a-felicidade-das-apaixonadas-e-inegociavel\/","title":{"rendered":"Osvaldo J\u00fanior: Diante do forr\u00f3, a felicidade das Apaixonadas \u00e9 inegoci\u00e1vel"},"content":{"rendered":"\n<p>As Apaixonadas do Forr\u00f3 s\u00e3o um bloco junino formado somente por mulheres que desfilam pelas ruas de Ribeira do Pombal na primeira semana do m\u00eas que costuma trazer alegria e movimento aos cora\u00e7\u00f5es dos nordestinos.<\/p>\n\n\n\n<!--more-->\n\n\n\n<p>O bloco se configura, indubitavelmente, como patrim\u00f4nio cultural imaterial que ratifica e exalta a identidade pombalense. Foto: Divulga\u00e7\u00e3o<\/p>\n\n\n\n<p><em>S\u00f3 pra te ver<br>J\u00e1 andei tantas l\u00e9guas de saudade<br>Vivi em busca da felicidade<br>Fazendo tudo pra n\u00e3o te perder.<\/em><\/p>\n\n\n\n<p>Fl\u00e1vio Jos\u00e9<\/p>\n\n\n\n<p>Muito j\u00e1 se falou, em distintos lugares e \u00e1reas do conhecimento humano, a respeito da felicidade, um assunto-fen\u00f4meno diante do qual a teoria pouco vale, tendo relev\u00e2ncia e proemin\u00eancia as pr\u00e1ticas que a contornam e concretizam. Paulo Coelho dizia se tratar de uma b\u00ean\u00e7\u00e3o-conquista diante do milagre da vida. Outros tantos cantores e fil\u00f3sofos a citam em seus contextos de efemeridade. Nas Apaixonadas do Forr\u00f3, parece-me que se tem a vereda certeira: gente que caminha pelas ruas, festivamente, encantando a vida, dan\u00e7ando e cantando em uma alquimia capaz de captar a aten\u00e7\u00e3o de qualquer um.<\/p>\n\n\n\n<p>As Apaixonadas do Forr\u00f3 s\u00e3o um bloco junino formado somente por mulheres que desfilam pelas ruas de Ribeira do Pombal na primeira semana do m\u00eas que costuma trazer alegria e movimento aos cora\u00e7\u00f5es dos nordestinos. Adornadas com um vestido de simbologia marcante, as singularidades femininas se coletivizam e aproveitam o domingo para festejar, celebrar a exist\u00eancia, a alegria de estar juntas e as del\u00edcias de boas m\u00fasicas animadas por um ritmo que n\u00e3o costuma deixar ningu\u00e9m de fora.<\/p>\n\n\n\n<figure class=\"wp-block-image size-full\"><img fetchpriority=\"high\" decoding=\"async\" width=\"872\" height=\"572\" src=\"https:\/\/www.portalalerta.com.br\/wp-content\/uploads\/2025\/06\/Apaixonadas-do-Forro-2025.1.jpg\" alt=\"\" class=\"wp-image-72646\" srcset=\"https:\/\/www.portalalerta.com.br\/wp-content\/uploads\/2025\/06\/Apaixonadas-do-Forro-2025.1.jpg 872w, https:\/\/www.portalalerta.com.br\/wp-content\/uploads\/2025\/06\/Apaixonadas-do-Forro-2025.1-366x240.jpg 366w, https:\/\/www.portalalerta.com.br\/wp-content\/uploads\/2025\/06\/Apaixonadas-do-Forro-2025.1-768x504.jpg 768w\" sizes=\"(max-width: 872px) 100vw, 872px\" \/><figcaption class=\"wp-element-caption\">Osvaldo J\u00fanior: \u201cQuem t\u00e1 fora quer entrar, mas quem t\u00e1 dentro n\u00e3o sai\u201d. Foto: Divulga\u00e7\u00e3o<\/figcaption><\/figure>\n\n\n\n<p>O forr\u00f3 \u00e9 patrim\u00f4nio cultural brasileiro e, quando amalgamado \u00e0 energia e aos corpos femininos, torna mais sublime os passos de uma das dan\u00e7as tradicionais nordestinas cujas origens remontam ao s\u00e9culo XIX. S\u00edmbolo de uma das regi\u00f5es mais importantes do pa\u00eds, por toda sua hist\u00f3ria, foi celebrado na voz de Luiz Gonzaga, o Rei do Bai\u00e3o, e de outros(as) cantores(as) que ergueram fogueiras e incendiaram tantos cora\u00e7\u00f5es por onde passaram.<\/p>\n\n\n\n<p>Em 2025, foi a segunda vez que participei, na condi\u00e7\u00e3o de admirador, desse bloco junino. Penso que ainda preciso de mais tempo e contato direto para captar o quanto a liberdade e o inesperado imanentes ao bloco adornam o domingo de magia, pois os multifacetados sorrisos reverberam nos rostos femininos como se aquela experi\u00eancia, por si s\u00f3, j\u00e1 sinalizasse que vale a pena viver e compartilhar com outras pessoas os momentos alegres capazes de nos revigorar das tristezas mesquinhas e de algumas cenas pungentes que elas provocam.<\/p>\n\n\n\n<figure class=\"wp-block-image size-full\"><img decoding=\"async\" width=\"881\" height=\"565\" src=\"https:\/\/www.portalalerta.com.br\/wp-content\/uploads\/2025\/06\/Apaixonadas-do-Forro-2025.2.jpg\" alt=\"\" class=\"wp-image-72647\" srcset=\"https:\/\/www.portalalerta.com.br\/wp-content\/uploads\/2025\/06\/Apaixonadas-do-Forro-2025.2.jpg 881w, https:\/\/www.portalalerta.com.br\/wp-content\/uploads\/2025\/06\/Apaixonadas-do-Forro-2025.2-374x240.jpg 374w, https:\/\/www.portalalerta.com.br\/wp-content\/uploads\/2025\/06\/Apaixonadas-do-Forro-2025.2-768x493.jpg 768w\" sizes=\"(max-width: 881px) 100vw, 881px\" \/><figcaption class=\"wp-element-caption\">Adornadas com um vestido de simbologia marcante, as singularidades femininas se coletivizam e aproveitam o domingo para festejar, celebrar a exist\u00eancia, a alegria de estar juntas e as del\u00edcias de boas m\u00fasicas. Foto: Divulga\u00e7\u00e3o<\/figcaption><\/figure>\n\n\n\n<p>No bloco, aguardado e preparado durante todo ano, as mulheres se lan\u00e7am, se entregam, se divertem, sem medo das c\u00e2meras dispostas nos celulares e outros dispositivos da imprensa. Afinal, n\u00e3o marcam presen\u00e7a em um&nbsp;<em>reality show<\/em>, mas em um dia-instante que abre m\u00e3o de qualquer receio. \u00c9 preciso estar ali sem medo, pois a felicidade costuma ser sorrateira e, por vezes, escorrer pelas m\u00e3os. O tempo \u00e9 fugidio. Por isso, aproveitar cada momento \u00e9 uma filosofia mobilizadora na vida daquelas que, arduamente, trabalham em demasia: dentro de casa, fora dela e em outros tantos lugares.<\/p>\n\n\n\n<figure class=\"wp-block-image size-full\"><img decoding=\"async\" width=\"873\" height=\"527\" src=\"https:\/\/www.portalalerta.com.br\/wp-content\/uploads\/2025\/06\/Apaixonadas-do-Forro-2025.3.jpg\" alt=\"\" class=\"wp-image-72648\" srcset=\"https:\/\/www.portalalerta.com.br\/wp-content\/uploads\/2025\/06\/Apaixonadas-do-Forro-2025.3.jpg 873w, https:\/\/www.portalalerta.com.br\/wp-content\/uploads\/2025\/06\/Apaixonadas-do-Forro-2025.3-398x240.jpg 398w, https:\/\/www.portalalerta.com.br\/wp-content\/uploads\/2025\/06\/Apaixonadas-do-Forro-2025.3-768x464.jpg 768w, https:\/\/www.portalalerta.com.br\/wp-content\/uploads\/2025\/06\/Apaixonadas-do-Forro-2025.3-780x470.jpg 780w\" sizes=\"(max-width: 873px) 100vw, 873px\" \/><figcaption class=\"wp-element-caption\">Trata-se de um sonho abensonhado por mulheres, tecido com mulheres e para mulheres. Foto: Divulga\u00e7\u00e3o<\/figcaption><\/figure>\n\n\n\n<p>\u00c9 m\u00e1gico o poder do s\u00edmbolo cultural. A materialidade \u00e9 f\u00e1cil de ser definida, observada, analisada e fotografada, o que n\u00e3o acontece com um fen\u00f4meno vital que sempre vai al\u00e9m de qualquer considera\u00e7\u00e3o. Ao subir no trio e observar a intera\u00e7\u00e3o entre\/com mulheres, tem-se a certeza de que o cons\u00f3rcio felicidade-liberdade \u00e9 um poderoso caminho\/lenitivo para se refazer muitas rotas que se encontram \u00e1ridas ou com escasso vigor.<\/p>\n\n\n\n<p>Dos vestidos aos la\u00e7os de fita, penteados e adornos em diversificados pain\u00e9is que atravessam todas as idades poss\u00edveis acima dos 18 anos, todo colorido emana mensagens de deleite, como se fosse, ali, o momento id\u00edlico de celebra\u00e7\u00e3o do poder daquelas que geram e ramificam essa vida \u201cbesta\u201d descrita, ironicamente, pelo poeta mineiro Carlos Drummond de Andrade.<\/p>\n\n\n\n<figure class=\"wp-block-image size-full\"><img loading=\"lazy\" decoding=\"async\" width=\"867\" height=\"492\" src=\"https:\/\/www.portalalerta.com.br\/wp-content\/uploads\/2025\/06\/Apaixonadas-do-Forro-2025.4.jpg\" alt=\"\" class=\"wp-image-72649\" srcset=\"https:\/\/www.portalalerta.com.br\/wp-content\/uploads\/2025\/06\/Apaixonadas-do-Forro-2025.4.jpg 867w, https:\/\/www.portalalerta.com.br\/wp-content\/uploads\/2025\/06\/Apaixonadas-do-Forro-2025.4-423x240.jpg 423w, https:\/\/www.portalalerta.com.br\/wp-content\/uploads\/2025\/06\/Apaixonadas-do-Forro-2025.4-768x436.jpg 768w, https:\/\/www.portalalerta.com.br\/wp-content\/uploads\/2025\/06\/Apaixonadas-do-Forro-2025.4-390x220.jpg 390w\" sizes=\"(max-width: 867px) 100vw, 867px\" \/><figcaption class=\"wp-element-caption\">Gente que caminha pelas ruas, festivamente, encantando a vida, dan\u00e7ando e cantando em uma alquimia capaz de captar a aten\u00e7\u00e3o de qualquer um. Foto: Divulga\u00e7\u00e3o<\/figcaption><\/figure>\n\n\n\n<p>Trata-se de um sonho&nbsp;<em>abensonhado<\/em>&nbsp;por mulheres, tecido com mulheres e para mulheres que, diante da energia mobilizadora do forr\u00f3, sabem desfilar na avenida revelando o poder daquelas em cujo ventre a vida se (re)faz. A sensa\u00e7\u00e3o-imagem que fica, mais uma vez, \u00e9 a da alegria como fina-estampa, a resvalar em um convite ao encontro: mulheres apaixonadas, uni-vos! E o bloco \u00e9 a prova cabal de que a jun\u00e7\u00e3o de mulheres para organizar, festejar e palmilhar pelas avenidas da urbe \u00e9 um caminho fecundo e transformador. Talvez seja por isso que, mesmo distante e movidas pela saudade, muitas percorrem tantas l\u00e9guas em busca da felicidade existente antes e, principalmente, no dia do desfile.<\/p>\n\n\n\n<p>O bloco necessita apresentar trajet\u00f3ria longeva. J\u00e1 s\u00e3o mais de duas d\u00e9cadas de exist\u00eancia e o que nele se manifesta, com suas cores, sabores e performances, revela que \u201cquem t\u00e1 fora quer entrar, mas quem t\u00e1 dentro n\u00e3o sai\u201d. Ser\u00e1 prof\u00edcuo rever, por anos a fio, cenas de paix\u00e3o e sensibilidade de que tanto o mundo precisa. Embaladas no forr\u00f3, anseio que as Apaixonadas continuem a reconfigurar os cen\u00e1rios pombalenses, adornando-os de feixes luminosos e generativos, pois o bloco se configura, indubitavelmente, como patrim\u00f4nio cultural imaterial que ratifica e exalta a identidade pombalense.<\/p>\n\n\n<div class=\"wp-block-image\">\n<figure class=\"aligncenter size-full\"><img loading=\"lazy\" decoding=\"async\" width=\"827\" height=\"510\" src=\"https:\/\/www.portalalerta.com.br\/wp-content\/uploads\/2025\/06\/Osvaldo-Alves-2025.jpg\" alt=\"\" class=\"wp-image-72669\" srcset=\"https:\/\/www.portalalerta.com.br\/wp-content\/uploads\/2025\/06\/Osvaldo-Alves-2025.jpg 827w, https:\/\/www.portalalerta.com.br\/wp-content\/uploads\/2025\/06\/Osvaldo-Alves-2025-389x240.jpg 389w, https:\/\/www.portalalerta.com.br\/wp-content\/uploads\/2025\/06\/Osvaldo-Alves-2025-768x474.jpg 768w\" sizes=\"(max-width: 827px) 100vw, 827px\" \/><\/figure><\/div>\n\n\n<p><strong><br>PROFESSOR OSVALDO ALVES DE JESUS J\u00daNIOR<\/strong>&nbsp;\u00e9 amante das letras e das narrativas. \u00c9 formado em Letras Vern\u00e1culas e Pedagogia, tendo p\u00f3s-gradua\u00e7\u00e3o em Metodologia do Ensino da L\u00edngua Portuguesa, Metodologia do Ensino Superior, Psicopedagogia Cl\u00ednico-Institucional, e G\u00eanero e Sexualidade na Educa\u00e7\u00e3o. Em 2018, publicou seu primeiro livro de cr\u00f4nicas,&nbsp;<em>Fragmentos sinest\u00e9sicos<\/em>. Em 2019, lan\u00e7ou&nbsp;<em>An\u2026dan\u00e7as: facetas cotidianas<\/em>, obra que cont\u00e9m pref\u00e1cio da fil\u00f3sofa Marcia Tiburi. Em 2021, publicou&nbsp;<em>BNCC: que ax\u00e9 ela tem?, e em 2022 Eu n\u00e3o posso ler seu livro.<\/em>&nbsp;Participa, constantemente, de antologias liter\u00e1rias.<\/p>\n\n\n\n<p><em>Fonte: Retratos e fatos<\/em><\/p>\n","protected":false},"excerpt":{"rendered":"<p>As Apaixonadas do Forr\u00f3 s\u00e3o um bloco junino formado somente por mulheres que desfilam pelas ruas de Ribeira do Pombal na primeira semana do m\u00eas que costuma trazer alegria e movimento aos cora\u00e7\u00f5es dos nordestinos.<\/p>\n","protected":false},"author":2,"featured_media":72650,"comment_status":"open","ping_status":"open","sticky":false,"template":"","format":"standard","meta":{"om_disable_all_campaigns":false,"_monsterinsights_skip_tracking":false,"_monsterinsights_sitenote_active":false,"_monsterinsights_sitenote_note":"","_monsterinsights_sitenote_category":0,"footnotes":""},"categories":[70,36,69,32,3],"tags":[100,71,2847,48,75,4178,4180,8053,129,107,4181,132,230,106,203,120,51,109,88,47,111,190],"class_list":["post-72660","post","type-post","status-publish","format-standard","has-post-thumbnail","hentry","category-destaques","category-lazer","category-noticias2","category-regiao","category-ribeira-do-pombal","tag-adustina","tag-antas","tag-apaixonadas-do-forro","tag-araci","tag-cicero-dantas","tag-cipo-2","tag-crisopolis-2","tag-desfile-junino","tag-euclides-da-cunha","tag-fatima","tag-heliopolis-2","tag-itapicuru","tag-jeremoabo","tag-nova-soure","tag-novo-triunfo","tag-olindina","tag-paripiranga","tag-quijingue","tag-ribeira-do-amparo","tag-ribeira-do-pombal","tag-sitio-do-quinto","tag-tucano"],"aioseo_notices":[],"_links":{"self":[{"href":"https:\/\/www.portalalerta.com.br\/index.php\/wp-json\/wp\/v2\/posts\/72660","targetHints":{"allow":["GET"]}}],"collection":[{"href":"https:\/\/www.portalalerta.com.br\/index.php\/wp-json\/wp\/v2\/posts"}],"about":[{"href":"https:\/\/www.portalalerta.com.br\/index.php\/wp-json\/wp\/v2\/types\/post"}],"author":[{"embeddable":true,"href":"https:\/\/www.portalalerta.com.br\/index.php\/wp-json\/wp\/v2\/users\/2"}],"replies":[{"embeddable":true,"href":"https:\/\/www.portalalerta.com.br\/index.php\/wp-json\/wp\/v2\/comments?post=72660"}],"version-history":[{"count":2,"href":"https:\/\/www.portalalerta.com.br\/index.php\/wp-json\/wp\/v2\/posts\/72660\/revisions"}],"predecessor-version":[{"id":72670,"href":"https:\/\/www.portalalerta.com.br\/index.php\/wp-json\/wp\/v2\/posts\/72660\/revisions\/72670"}],"wp:featuredmedia":[{"embeddable":true,"href":"https:\/\/www.portalalerta.com.br\/index.php\/wp-json\/wp\/v2\/media\/72650"}],"wp:attachment":[{"href":"https:\/\/www.portalalerta.com.br\/index.php\/wp-json\/wp\/v2\/media?parent=72660"}],"wp:term":[{"taxonomy":"category","embeddable":true,"href":"https:\/\/www.portalalerta.com.br\/index.php\/wp-json\/wp\/v2\/categories?post=72660"},{"taxonomy":"post_tag","embeddable":true,"href":"https:\/\/www.portalalerta.com.br\/index.php\/wp-json\/wp\/v2\/tags?post=72660"}],"curies":[{"name":"wp","href":"https:\/\/api.w.org\/{rel}","templated":true}]}}