{"id":72666,"date":"2025-06-11T00:45:40","date_gmt":"2025-06-11T03:45:40","guid":{"rendered":"https:\/\/www.portalalerta.com.br\/?p=72666"},"modified":"2025-06-11T00:45:42","modified_gmt":"2025-06-11T03:45:42","slug":"bolsonaro-pede-desculpas-a-moraes-e-admite-nao-ter-provas-de-acusacoes-feitas-contra-ministros","status":"publish","type":"post","link":"https:\/\/www.portalalerta.com.br\/index.php\/2025\/06\/11\/bolsonaro-pede-desculpas-a-moraes-e-admite-nao-ter-provas-de-acusacoes-feitas-contra-ministros\/","title":{"rendered":"Bolsonaro pede desculpas a Moraes e admite n\u00e3o ter provas de acusa\u00e7\u00f5es feitas contra ministros"},"content":{"rendered":"\n<p>Ex-presidente est\u00e1 sendo interrogado nesta ter\u00e7a-feira (10) no STF sobre tentativa de golpe; PGR o aponta como figura central na articula\u00e7\u00e3o<\/p>\n\n\n\n<!--more-->\n\n\n\n<p>O ex-presidente Jair Bolsonaro (PL) admitiu nesta ter\u00e7a-feira (10), durante interrogat\u00f3rio no Supremo Tribunal Federal (STF), que n\u00e3o tinha provas ao acusar ministros da Corte de receber propina durante as elei\u00e7\u00f5es de 2022. A declara\u00e7\u00e3o foi feita ap\u00f3s questionamento direto do ministro Alexandre de Moraes.<\/p>\n\n\n\n<p>\u201cN\u00e3o tem ind\u00edcios nenhum, senhor ministro. Tanto \u00e9 que era uma reuni\u00e3o para n\u00e3o ser gravada. Um desabafo, uma ret\u00f3rica que eu usei. Se fosse outros tr\u00eas ocupando, teria falado a mesma coisa. Ent\u00e3o, me desculpe, n\u00e3o tinha qualquer inten\u00e7\u00e3o de acusar de qualquer desvio de conduta os senhores tr\u00eas\u201d, disse Bolsonaro.<\/p>\n\n\n\n<p>O ex-presidente \u00e9 r\u00e9u na a\u00e7\u00e3o penal que apura tentativa de golpe de Estado e aboli\u00e7\u00e3o violenta do Estado Democr\u00e1tico de Direito. A Procuradoria-Geral da Rep\u00fablica (PGR) o aponta como figura central na organiza\u00e7\u00e3o investigada, que tamb\u00e9m inclui militares e ex-integrantes do governo federal.<\/p>\n\n\n\n<p>A reuni\u00e3o mencionada por Bolsonaro, em que se referiu aos ministros como benefici\u00e1rios de repasses ilegais \u2014 com valores que chegariam a US$ 50 milh\u00f5es \u2014, foi gravada em julho de 2022. O v\u00eddeo foi anexado aos autos do inqu\u00e9rito que apura a suposta trama golpista.<\/p>\n\n\n\n<p>Antes do depoimento, Moraes negou um pedido da defesa para exibir v\u00eddeos durante a oitiva. Os advogados pediram autoriza\u00e7\u00e3o para utilizar recursos audiovisuais durante o interrogat\u00f3rio, mas o ministro argumentou que o momento \u00e9 destinado \u00e0 autodefesa e n\u00e3o \u00e0 apresenta\u00e7\u00e3o de provas novas. \u201cN\u00e3o achei nada\u201d, respondeu Bolsonaro, ao ser questionado sobre a decis\u00e3o.<\/p>\n\n\n\n<p>Na mesma a\u00e7\u00e3o penal, foram ouvidos nesta semana o ex-ministro da Justi\u00e7a, Anderson Torres; o ex-chefe do GSI, general Augusto Heleno; o ex-comandante da Marinha, almirante Almir Garnier; o ex-ajudante de ordens, Mauro Cid; e o deputado federal Alexandre Ramagem (PL-RJ).<\/p>\n\n\n\n<p>A PGR acusa o grupo de elaborar uma narrativa de fraude nas elei\u00e7\u00f5es e de articular medidas para deslegitimar o resultado das urnas. Segundo as investiga\u00e7\u00f5es, reuni\u00f5es e documentos internos indicam a inten\u00e7\u00e3o de promover uma ruptura institucional. Bolsonaro nega envolvimento em qualquer plano golpista.<\/p>\n\n\n\n<p><em>Fonte: Metro1<\/em><\/p>\n","protected":false},"excerpt":{"rendered":"<p>Ex-presidente est\u00e1 sendo interrogado nesta ter\u00e7a-feira (10) no STF sobre tentativa de golpe; PGR o aponta como figura central na articula\u00e7\u00e3o<\/p>\n","protected":false},"author":2,"featured_media":72659,"comment_status":"open","ping_status":"open","sticky":false,"template":"","format":"standard","meta":{"om_disable_all_campaigns":false,"_monsterinsights_skip_tracking":false,"_monsterinsights_sitenote_active":false,"_monsterinsights_sitenote_note":"","_monsterinsights_sitenote_category":0,"footnotes":""},"categories":[34,70,69,21],"tags":[100,71,48,93,75,4178,4180,413,1736,129,107,4181,132,1395,230,106,203,120,51,109,88,47,111,216,190],"class_list":["post-72666","post","type-post","status-publish","format-standard","has-post-thumbnail","hentry","category-brasil","category-destaques","category-noticias2","category-politica","tag-adustina","tag-antas","tag-araci","tag-brasil","tag-cicero-dantas","tag-cipo-2","tag-crisopolis-2","tag-depoimento","tag-desculpas","tag-euclides-da-cunha","tag-fatima","tag-heliopolis-2","tag-itapicuru","tag-jair-bolsonaro","tag-jeremoabo","tag-nova-soure","tag-novo-triunfo","tag-olindina","tag-paripiranga","tag-quijingue","tag-ribeira-do-amparo","tag-ribeira-do-pombal","tag-sitio-do-quinto","tag-stf","tag-tucano"],"aioseo_notices":[],"_links":{"self":[{"href":"https:\/\/www.portalalerta.com.br\/index.php\/wp-json\/wp\/v2\/posts\/72666","targetHints":{"allow":["GET"]}}],"collection":[{"href":"https:\/\/www.portalalerta.com.br\/index.php\/wp-json\/wp\/v2\/posts"}],"about":[{"href":"https:\/\/www.portalalerta.com.br\/index.php\/wp-json\/wp\/v2\/types\/post"}],"author":[{"embeddable":true,"href":"https:\/\/www.portalalerta.com.br\/index.php\/wp-json\/wp\/v2\/users\/2"}],"replies":[{"embeddable":true,"href":"https:\/\/www.portalalerta.com.br\/index.php\/wp-json\/wp\/v2\/comments?post=72666"}],"version-history":[{"count":1,"href":"https:\/\/www.portalalerta.com.br\/index.php\/wp-json\/wp\/v2\/posts\/72666\/revisions"}],"predecessor-version":[{"id":72667,"href":"https:\/\/www.portalalerta.com.br\/index.php\/wp-json\/wp\/v2\/posts\/72666\/revisions\/72667"}],"wp:featuredmedia":[{"embeddable":true,"href":"https:\/\/www.portalalerta.com.br\/index.php\/wp-json\/wp\/v2\/media\/72659"}],"wp:attachment":[{"href":"https:\/\/www.portalalerta.com.br\/index.php\/wp-json\/wp\/v2\/media?parent=72666"}],"wp:term":[{"taxonomy":"category","embeddable":true,"href":"https:\/\/www.portalalerta.com.br\/index.php\/wp-json\/wp\/v2\/categories?post=72666"},{"taxonomy":"post_tag","embeddable":true,"href":"https:\/\/www.portalalerta.com.br\/index.php\/wp-json\/wp\/v2\/tags?post=72666"}],"curies":[{"name":"wp","href":"https:\/\/api.w.org\/{rel}","templated":true}]}}