{"id":72739,"date":"2025-06-14T13:52:33","date_gmt":"2025-06-14T16:52:33","guid":{"rendered":"https:\/\/www.portalalerta.com.br\/?p=72739"},"modified":"2025-06-14T13:52:35","modified_gmt":"2025-06-14T16:52:35","slug":"terceiro-suspeito-de-envolvimento-em-homicidio-em-nova-soure-ba-e-preso","status":"publish","type":"post","link":"https:\/\/www.portalalerta.com.br\/index.php\/2025\/06\/14\/terceiro-suspeito-de-envolvimento-em-homicidio-em-nova-soure-ba-e-preso\/","title":{"rendered":"Terceiro suspeito de envolvimento em homic\u00eddio em Nova Soure-BA, \u00e9 preso!"},"content":{"rendered":"\n<p>Por volta das 13h da \u00faltima sexta-feira (13), uma a\u00e7\u00e3o conjunta entre policiais civis e militares de Nova Soure-BA, culminou na pris\u00e3o do terceiro suspeito na participa\u00e7\u00e3o do homic\u00eddio que vitimou Jefferson Anjos Matos, 23 anos, fato ocorrido entre a noite do dia 9 e a manh\u00e3 do dia 10 de maio do corrente ano. <a href=\"https:\/\/www.portalalerta.com.br\/index.php\/2025\/05\/17\/com-pouco-mais-de-4-meses-numero-de-homicidios-registrados-em-nova-soure-ba-em-2025-se-iguala-ao-total-do-ano-passado\/\"><strong>Relembre<\/strong><\/a><\/p>\n\n\n\n<!--more-->\n\n\n<div class=\"wp-block-image\">\n<figure class=\"alignleft size-large is-resized\"><img fetchpriority=\"high\" decoding=\"async\" src=\"https:\/\/www.portalalerta.com.br\/wp-content\/uploads\/2024\/04\/autoescola-emprego-1024x1024.jpg\" alt=\"\" class=\"wp-image-55693\" width=\"435\" height=\"435\" srcset=\"https:\/\/www.portalalerta.com.br\/wp-content\/uploads\/2024\/04\/autoescola-emprego-1024x1024.jpg 1024w, https:\/\/www.portalalerta.com.br\/wp-content\/uploads\/2024\/04\/autoescola-emprego-240x240.jpg 240w, https:\/\/www.portalalerta.com.br\/wp-content\/uploads\/2024\/04\/autoescola-emprego-768x768.jpg 768w, https:\/\/www.portalalerta.com.br\/wp-content\/uploads\/2024\/04\/autoescola-emprego.jpg 1080w\" sizes=\"(max-width: 435px) 100vw, 435px\" \/><\/figure><\/div>\n\n\n<p>Ao todo, tr\u00eas pessoas teriam participado do crime. <a href=\"https:\/\/www.portalalerta.com.br\/index.php\/2025\/06\/11\/acao-conjunta-das-policias-civil-e-militar-cumpre-mandado-de-prisao-contra-acusado-de-homicidio-em-nova-soure-ba\/\"><strong>Na \u00faltima ter\u00e7a-feira (10), um dos suspeitos, identificado pelas iniciais D. da C. S, 26 anos, j\u00e1 havia sido preso quando se encontrava em sua resid\u00eancia no povoado Bela Vista, no referido munic\u00edpio<\/strong><\/a>. Um segundo suspeito, cuja identidade n\u00e3o foi divulgada, ao tomar conhecimento da a\u00e7\u00e3o policial, se apresentou espontaneamente \u00e0 Delegacia de Pol\u00edcia Civil, onde j\u00e1 se encontra custodiado. Na a\u00e7\u00e3o da \u00faltima sexta-feira, os policiais chegaram at\u00e9 a pessoa identificada pelas iniciais M.P dos S, 25 anos, que tamb\u00e9m estava em sua resid\u00eancia no povoado Bela Vista, e ap\u00f3s a pris\u00e3o foi levado \u00e0 carceragem da Delegacia de Pol\u00edcia Civil da cidade, onde se encontra custodiado \u00e0 disposi\u00e7\u00e3o da justi\u00e7a.<\/p>\n\n\n\n<p>Jefferson foi assassinado a facadas no povoado Bela Vista, para onde teria ido participar de uma partida de futebol. Com a pris\u00e3o do trio, a pol\u00edcia acredita ter conclu\u00eddo as investiga\u00e7\u00f5es no que se refere a autoria, por\u00e9m n\u00e3o informou detalhes sobre a motiva\u00e7\u00e3o do crime.<\/p>\n\n\n\n<p><em>Reda\u00e7\u00e3o: Portal Alerta<\/em><\/p>\n","protected":false},"excerpt":{"rendered":"<p>Por volta das 13h da \u00faltima sexta-feira (13), uma a\u00e7\u00e3o conjunta entre policiais civis e militares de Nova Soure-BA, culminou na pris\u00e3o do terceiro suspeito na participa\u00e7\u00e3o do homic\u00eddio que vitimou Jefferson Anjos Matos, 23 anos, fato ocorrido entre a noite do dia 9 e a manh\u00e3 do dia 10 de maio do corrente ano. &hellip;<\/p>\n","protected":false},"author":2,"featured_media":20567,"comment_status":"open","ping_status":"open","sticky":false,"template":"","format":"standard","meta":{"om_disable_all_campaigns":false,"_monsterinsights_skip_tracking":false,"_monsterinsights_sitenote_active":false,"_monsterinsights_sitenote_note":"","_monsterinsights_sitenote_category":0,"footnotes":""},"categories":[70,69,14,32,22],"tags":[100,71,48,75,4178,4180,129,107,4181,258,206,132,230,106,203,120,51,122,79,77,109,88,47,111,190],"class_list":["post-72739","post","type-post","status-publish","format-standard","has-post-thumbnail","hentry","category-destaques","category-noticias2","category-nova-soure","category-regiao","category-seguranca","tag-adustina","tag-antas","tag-araci","tag-cicero-dantas","tag-cipo-2","tag-crisopolis-2","tag-euclides-da-cunha","tag-fatima","tag-heliopolis-2","tag-homicida","tag-homicidio","tag-itapicuru","tag-jeremoabo","tag-nova-soure","tag-novo-triunfo","tag-olindina","tag-paripiranga","tag-policia-civil","tag-policia-militar","tag-preso","tag-quijingue","tag-ribeira-do-amparo","tag-ribeira-do-pombal","tag-sitio-do-quinto","tag-tucano"],"aioseo_notices":[],"_links":{"self":[{"href":"https:\/\/www.portalalerta.com.br\/index.php\/wp-json\/wp\/v2\/posts\/72739","targetHints":{"allow":["GET"]}}],"collection":[{"href":"https:\/\/www.portalalerta.com.br\/index.php\/wp-json\/wp\/v2\/posts"}],"about":[{"href":"https:\/\/www.portalalerta.com.br\/index.php\/wp-json\/wp\/v2\/types\/post"}],"author":[{"embeddable":true,"href":"https:\/\/www.portalalerta.com.br\/index.php\/wp-json\/wp\/v2\/users\/2"}],"replies":[{"embeddable":true,"href":"https:\/\/www.portalalerta.com.br\/index.php\/wp-json\/wp\/v2\/comments?post=72739"}],"version-history":[{"count":1,"href":"https:\/\/www.portalalerta.com.br\/index.php\/wp-json\/wp\/v2\/posts\/72739\/revisions"}],"predecessor-version":[{"id":72741,"href":"https:\/\/www.portalalerta.com.br\/index.php\/wp-json\/wp\/v2\/posts\/72739\/revisions\/72741"}],"wp:featuredmedia":[{"embeddable":true,"href":"https:\/\/www.portalalerta.com.br\/index.php\/wp-json\/wp\/v2\/media\/20567"}],"wp:attachment":[{"href":"https:\/\/www.portalalerta.com.br\/index.php\/wp-json\/wp\/v2\/media?parent=72739"}],"wp:term":[{"taxonomy":"category","embeddable":true,"href":"https:\/\/www.portalalerta.com.br\/index.php\/wp-json\/wp\/v2\/categories?post=72739"},{"taxonomy":"post_tag","embeddable":true,"href":"https:\/\/www.portalalerta.com.br\/index.php\/wp-json\/wp\/v2\/tags?post=72739"}],"curies":[{"name":"wp","href":"https:\/\/api.w.org\/{rel}","templated":true}]}}