{"id":72742,"date":"2025-06-14T13:55:22","date_gmt":"2025-06-14T16:55:22","guid":{"rendered":"https:\/\/www.portalalerta.com.br\/?p=72742"},"modified":"2025-06-14T13:55:25","modified_gmt":"2025-06-14T16:55:25","slug":"banzae-recebe-selo-de-transparencia-nos-festejos-juninos-2025","status":"publish","type":"post","link":"https:\/\/www.portalalerta.com.br\/index.php\/2025\/06\/14\/banzae-recebe-selo-de-transparencia-nos-festejos-juninos-2025\/","title":{"rendered":"Banza\u00ea recebe Selo de Transpar\u00eancia nos Festejos Juninos 2025"},"content":{"rendered":"\n<p>Reconhecimento refor\u00e7a o compromisso de Banza\u00ea com a transpar\u00eancia, a cultura e a boa gest\u00e3o dos recursos p\u00fablicos durante os festejos juninos.<\/p>\n\n\n\n<!--more-->\n\n\n\n<p><strong>Banza\u00ea conquista, pelo segundo ano consecutivo, o Selo de Transpar\u00eancia nos Festejos Juninos<\/strong><\/p>\n\n\n\n<p>O munic\u00edpio de&nbsp;<strong>Banza\u00ea<\/strong>&nbsp;foi reconhecido, nesta&nbsp;<strong>ter\u00e7a-feira (10 de junho de 2025)<\/strong>, com o&nbsp;<strong>Selo de Transpar\u00eancia nos Festejos Juninos<\/strong>, concedido pelo&nbsp;<strong>Minist\u00e9rio P\u00fablico do Estado da Bahia (MP-BA)<\/strong>. Esta \u00e9 a&nbsp;<strong>segunda vez consecutiva<\/strong>&nbsp;que o munic\u00edpio recebe o selo, reafirmando o compromisso da gest\u00e3o com a transpar\u00eancia e a responsabilidade no uso dos recursos p\u00fablicos destinados \u00e0s celebra\u00e7\u00f5es juninas.<\/p>\n\n\n<div class=\"wp-block-image\">\n<figure class=\"alignleft size-large is-resized\"><img decoding=\"async\" src=\"https:\/\/www.portalalerta.com.br\/wp-content\/uploads\/2025\/06\/Real-Sao-Joao-2025-819x1024.jpg\" alt=\"\" class=\"wp-image-72448\" width=\"435\" srcset=\"https:\/\/www.portalalerta.com.br\/wp-content\/uploads\/2025\/06\/Real-Sao-Joao-2025-819x1024.jpg 819w, https:\/\/www.portalalerta.com.br\/wp-content\/uploads\/2025\/06\/Real-Sao-Joao-2025-192x240.jpg 192w, https:\/\/www.portalalerta.com.br\/wp-content\/uploads\/2025\/06\/Real-Sao-Joao-2025-768x960.jpg 768w, https:\/\/www.portalalerta.com.br\/wp-content\/uploads\/2025\/06\/Real-Sao-Joao-2025.jpg 1024w\" sizes=\"(max-width: 819px) 100vw, 819px\" \/><\/figure><\/div>\n\n\n<p>A cerim\u00f4nia de entrega foi realizada na sede do MP-BA, em&nbsp;<strong>Salvador<\/strong>, e contou com a presen\u00e7a de autoridades de todo o estado.&nbsp;<strong>A prefeita Patr\u00edcia Almeida<\/strong>&nbsp;esteve presente no evento para receber, em nome da popula\u00e7\u00e3o de Banza\u00ea, o reconhecimento que simboliza boas pr\u00e1ticas de governan\u00e7a e zelo com o dinheiro p\u00fablico.<\/p>\n\n\n\n<p>O&nbsp;<strong>Selo de Transpar\u00eancia nos Festejos Juninos<\/strong>&nbsp;faz parte do&nbsp;<strong>Painel de Transpar\u00eancia dos Festejos Juninos nos Munic\u00edpios do Estado da Bahia<\/strong>, uma iniciativa do&nbsp;<strong>MP-BA<\/strong>&nbsp;em parceria com os&nbsp;<strong>Minist\u00e9rios P\u00fablicos de Contas junto aos Tribunais de Contas do Estado (MPC\/TCE) e dos Munic\u00edpios (MPC\/TCM)<\/strong>,&nbsp;<strong>Tribunais de Contas (TCE e TCM)<\/strong>,&nbsp;<strong>Rede de Controle da Gest\u00e3o P\u00fablica na Bahia<\/strong>,&nbsp;<strong>UPB (Uni\u00e3o dos Munic\u00edpios da Bahia)<\/strong>,&nbsp;<strong>UCIB (Uni\u00e3o das Controladorias Internas da Bahia)<\/strong>,&nbsp;<strong>Sebrae\/BA<\/strong>,&nbsp;<strong>Universidade Federal da Bahia (UFBA)<\/strong>,&nbsp;<strong>IMAP<\/strong>&nbsp;e o&nbsp;<strong>Governo do Estado da Bahia<\/strong>.<\/p>\n\n\n\n<p>A proposta do painel \u00e9&nbsp;<strong>incentivar a transpar\u00eancia p\u00fablica<\/strong>,&nbsp;<strong>fortalecer o exerc\u00edcio da cidadania<\/strong>,&nbsp;<strong>estimular a coopera\u00e7\u00e3o entre institui\u00e7\u00f5es<\/strong>&nbsp;e&nbsp;<strong>apoiar a gest\u00e3o eficiente dos recursos p\u00fablicos<\/strong>, especialmente no que diz respeito ao fomento da cultura e do turismo local.<\/p>\n\n\n\n<p>A participa\u00e7\u00e3o dos munic\u00edpios no painel \u00e9&nbsp;<strong>volunt\u00e1ria<\/strong>, e apenas aqueles que inserem corretamente as informa\u00e7\u00f5es sobre contrata\u00e7\u00f5es art\u00edsticas, valores pagos, origem dos recursos e demais despesas relacionadas ao S\u00e3o Jo\u00e3o s\u00e3o contemplados com o selo.<\/p>\n\n\n\n<p>Ao receber o selo pelo segundo ano consecutivo, Banza\u00ea mostra que mant\u00e9m uma atua\u00e7\u00e3o firme na&nbsp;<strong>presta\u00e7\u00e3o de contas \u00e0 sociedade<\/strong>, utilizando mecanismos digitais e institucionais para garantir que as informa\u00e7\u00f5es estejam acess\u00edveis \u00e0 popula\u00e7\u00e3o.<\/p>\n\n\n\n<p>o garantir a transpar\u00eancia nos investimentos p\u00fablicos voltados para os festejos, Banza\u00ea demonstra que \u00e9 poss\u00edvel unir&nbsp;<strong>tradi\u00e7\u00e3o, alegria e responsabilidade fiscal<\/strong>.<\/p>\n\n\n\n<p><em>Fonte: SECOM\/Banza\u00ea<\/em><\/p>\n","protected":false},"excerpt":{"rendered":"<p>Reconhecimento refor\u00e7a o compromisso de Banza\u00ea com a transpar\u00eancia, a cultura e a boa gest\u00e3o dos recursos p\u00fablicos durante os festejos juninos.<\/p>\n","protected":false},"author":2,"featured_media":72740,"comment_status":"open","ping_status":"open","sticky":false,"template":"","format":"standard","meta":{"om_disable_all_campaigns":false,"_monsterinsights_skip_tracking":false,"_monsterinsights_sitenote_active":false,"_monsterinsights_sitenote_note":"","_monsterinsights_sitenote_category":0,"footnotes":""},"categories":[39,70,36,69,32],"tags":[100,71,48,75,4178,4180,129,107,4181,132,230,352,106,203,120,51,109,88,47,8054,111,190],"class_list":["post-72742","post","type-post","status-publish","format-standard","has-post-thumbnail","hentry","category-banzae","category-destaques","category-lazer","category-noticias2","category-regiao","tag-adustina","tag-antas","tag-araci","tag-cicero-dantas","tag-cipo-2","tag-crisopolis-2","tag-euclides-da-cunha","tag-fatima","tag-heliopolis-2","tag-itapicuru","tag-jeremoabo","tag-ministerio-publico","tag-nova-soure","tag-novo-triunfo","tag-olindina","tag-paripiranga","tag-quijingue","tag-ribeira-do-amparo","tag-ribeira-do-pombal","tag-selo-sao-joao","tag-sitio-do-quinto","tag-tucano"],"aioseo_notices":[],"_links":{"self":[{"href":"https:\/\/www.portalalerta.com.br\/index.php\/wp-json\/wp\/v2\/posts\/72742","targetHints":{"allow":["GET"]}}],"collection":[{"href":"https:\/\/www.portalalerta.com.br\/index.php\/wp-json\/wp\/v2\/posts"}],"about":[{"href":"https:\/\/www.portalalerta.com.br\/index.php\/wp-json\/wp\/v2\/types\/post"}],"author":[{"embeddable":true,"href":"https:\/\/www.portalalerta.com.br\/index.php\/wp-json\/wp\/v2\/users\/2"}],"replies":[{"embeddable":true,"href":"https:\/\/www.portalalerta.com.br\/index.php\/wp-json\/wp\/v2\/comments?post=72742"}],"version-history":[{"count":1,"href":"https:\/\/www.portalalerta.com.br\/index.php\/wp-json\/wp\/v2\/posts\/72742\/revisions"}],"predecessor-version":[{"id":72743,"href":"https:\/\/www.portalalerta.com.br\/index.php\/wp-json\/wp\/v2\/posts\/72742\/revisions\/72743"}],"wp:featuredmedia":[{"embeddable":true,"href":"https:\/\/www.portalalerta.com.br\/index.php\/wp-json\/wp\/v2\/media\/72740"}],"wp:attachment":[{"href":"https:\/\/www.portalalerta.com.br\/index.php\/wp-json\/wp\/v2\/media?parent=72742"}],"wp:term":[{"taxonomy":"category","embeddable":true,"href":"https:\/\/www.portalalerta.com.br\/index.php\/wp-json\/wp\/v2\/categories?post=72742"},{"taxonomy":"post_tag","embeddable":true,"href":"https:\/\/www.portalalerta.com.br\/index.php\/wp-json\/wp\/v2\/tags?post=72742"}],"curies":[{"name":"wp","href":"https:\/\/api.w.org\/{rel}","templated":true}]}}