{"id":72750,"date":"2025-06-14T14:31:00","date_gmt":"2025-06-14T17:31:00","guid":{"rendered":"https:\/\/www.portalalerta.com.br\/?p=72750"},"modified":"2025-06-14T14:31:04","modified_gmt":"2025-06-14T17:31:04","slug":"cantora-de-banda-de-forro-e-encontrada-morta-em-ribeira-do-pombal-ba","status":"publish","type":"post","link":"https:\/\/www.portalalerta.com.br\/index.php\/2025\/06\/14\/cantora-de-banda-de-forro-e-encontrada-morta-em-ribeira-do-pombal-ba\/","title":{"rendered":"Cantora de Banda de Forr\u00f3 \u00e9 encontrada morta em Ribeira do Pombal-BA"},"content":{"rendered":"\n<p>Na manh\u00e3 deste s\u00e1bado (14), uma mulher foi encontrada morta, no interior de uma resid\u00eancia situada \u00e0 Rua Pedro Costa, centro de Ribeira do Pombal-BA.<\/p>\n\n\n\n<!--more-->\n\n\n\n<p>Eliziane Pereira dos Santos, tinha 28 anos, e era conhecida como Elly Marcenio, nome art\u00edstico que a tornou conhecida em suas redes sociais bem como nos palcos, onde se apresentava como vocalista da Banda Sandaia de Couro.<\/p>\n\n\n\n<p>Profissionais do SAMU, bem como policiais militares da cidade foram at\u00e9 o local, por\u00e9m a v\u00edtima j\u00e1 n\u00e3o apresentava sinais vitais. As circunst\u00e2ncias da morte dever\u00e3o ser investigadas mediante autopsia.<\/p>\n\n\n\n<p><em>Reda\u00e7\u00e3o: Portal Alerta<\/em><\/p>\n","protected":false},"excerpt":{"rendered":"<p>Na manh\u00e3 deste s\u00e1bado (14), uma mulher foi encontrada morta, no interior de uma resid\u00eancia situada \u00e0 Rua Pedro Costa, centro de Ribeira do Pombal-BA.<\/p>\n","protected":false},"author":2,"featured_media":72751,"comment_status":"open","ping_status":"open","sticky":false,"template":"","format":"standard","meta":{"om_disable_all_campaigns":false,"_monsterinsights_skip_tracking":false,"_monsterinsights_sitenote_active":false,"_monsterinsights_sitenote_note":"","_monsterinsights_sitenote_category":0,"footnotes":""},"categories":[70,69,32,3],"tags":[100,71,48,75,4178,363,4180,129,107,4181,132,230,106,203,120,51,109,88,47,111,190],"class_list":["post-72750","post","type-post","status-publish","format-standard","has-post-thumbnail","hentry","category-destaques","category-noticias2","category-regiao","category-ribeira-do-pombal","tag-adustina","tag-antas","tag-araci","tag-cicero-dantas","tag-cipo-2","tag-corpo-encontrado","tag-crisopolis-2","tag-euclides-da-cunha","tag-fatima","tag-heliopolis-2","tag-itapicuru","tag-jeremoabo","tag-nova-soure","tag-novo-triunfo","tag-olindina","tag-paripiranga","tag-quijingue","tag-ribeira-do-amparo","tag-ribeira-do-pombal","tag-sitio-do-quinto","tag-tucano"],"aioseo_notices":[],"_links":{"self":[{"href":"https:\/\/www.portalalerta.com.br\/index.php\/wp-json\/wp\/v2\/posts\/72750","targetHints":{"allow":["GET"]}}],"collection":[{"href":"https:\/\/www.portalalerta.com.br\/index.php\/wp-json\/wp\/v2\/posts"}],"about":[{"href":"https:\/\/www.portalalerta.com.br\/index.php\/wp-json\/wp\/v2\/types\/post"}],"author":[{"embeddable":true,"href":"https:\/\/www.portalalerta.com.br\/index.php\/wp-json\/wp\/v2\/users\/2"}],"replies":[{"embeddable":true,"href":"https:\/\/www.portalalerta.com.br\/index.php\/wp-json\/wp\/v2\/comments?post=72750"}],"version-history":[{"count":2,"href":"https:\/\/www.portalalerta.com.br\/index.php\/wp-json\/wp\/v2\/posts\/72750\/revisions"}],"predecessor-version":[{"id":72753,"href":"https:\/\/www.portalalerta.com.br\/index.php\/wp-json\/wp\/v2\/posts\/72750\/revisions\/72753"}],"wp:featuredmedia":[{"embeddable":true,"href":"https:\/\/www.portalalerta.com.br\/index.php\/wp-json\/wp\/v2\/media\/72751"}],"wp:attachment":[{"href":"https:\/\/www.portalalerta.com.br\/index.php\/wp-json\/wp\/v2\/media?parent=72750"}],"wp:term":[{"taxonomy":"category","embeddable":true,"href":"https:\/\/www.portalalerta.com.br\/index.php\/wp-json\/wp\/v2\/categories?post=72750"},{"taxonomy":"post_tag","embeddable":true,"href":"https:\/\/www.portalalerta.com.br\/index.php\/wp-json\/wp\/v2\/tags?post=72750"}],"curies":[{"name":"wp","href":"https:\/\/api.w.org\/{rel}","templated":true}]}}