{"id":72773,"date":"2025-06-16T14:18:30","date_gmt":"2025-06-16T17:18:30","guid":{"rendered":"https:\/\/www.portalalerta.com.br\/?p=72773"},"modified":"2025-06-16T14:18:32","modified_gmt":"2025-06-16T17:18:32","slug":"zambelli-ja-foi-localizada-mas-prisao-depende-de-tramites-da-justica-italiana","status":"publish","type":"post","link":"https:\/\/www.portalalerta.com.br\/index.php\/2025\/06\/16\/zambelli-ja-foi-localizada-mas-prisao-depende-de-tramites-da-justica-italiana\/","title":{"rendered":"Zambelli j\u00e1 foi localizada, mas pris\u00e3o depende de tr\u00e2mites da Justi\u00e7a italiana"},"content":{"rendered":"\n<p>Parlamentar foi condenada a 10 anos de pris\u00e3o por a\u00e7\u00e3o com hacker<\/p>\n\n\n\n<!--more-->\n\n\n\n<p>As autoridades italianas j\u00e1 identificaram o paradeiro da deputada federal Carla Zambelli (PL-SP), inclu\u00edda h\u00e1 11 dias na lista de difus\u00e3o vermelha da Interpol. A deten\u00e7\u00e3o, por\u00e9m, ainda depende de tr\u00e2mites legais em curso na It\u00e1lia. A medida foi determinada pelo ministro Alexandre de Moraes, do Supremo Tribunal Federal (STF), ap\u00f3s a parlamentar ser acusada de envolvimento na invas\u00e3o dos sistemas do Conselho Nacional de Justi\u00e7a (CNJ) com o hacker Walter Delgatti Neto.<\/p>\n\n\n<div class=\"wp-block-image\">\n<figure class=\"alignleft size-large is-resized\"><img decoding=\"async\" src=\"https:\/\/www.portalalerta.com.br\/wp-content\/uploads\/2025\/06\/Real-Sao-Joao-2025-819x1024.jpg\" alt=\"\" class=\"wp-image-72448\" width=\"435\" srcset=\"https:\/\/www.portalalerta.com.br\/wp-content\/uploads\/2025\/06\/Real-Sao-Joao-2025-819x1024.jpg 819w, https:\/\/www.portalalerta.com.br\/wp-content\/uploads\/2025\/06\/Real-Sao-Joao-2025-192x240.jpg 192w, https:\/\/www.portalalerta.com.br\/wp-content\/uploads\/2025\/06\/Real-Sao-Joao-2025-768x960.jpg 768w, https:\/\/www.portalalerta.com.br\/wp-content\/uploads\/2025\/06\/Real-Sao-Joao-2025.jpg 1024w\" sizes=\"(max-width: 819px) 100vw, 819px\" \/><\/figure><\/div>\n\n\n<p>Na sexta-feira (13), o embaixador do Brasil na It\u00e1lia, Renato Mosca, declarou ao programa Est\u00fadio I que Zambelli \u201cpoderia ser presa a qualquer momento\u201d, indicando que sua captura \u00e9 considerada iminente pelo governo brasileiro.&nbsp;<br>Contudo, a efetiva\u00e7\u00e3o do mandado de pris\u00e3o ainda aguarda autoriza\u00e7\u00f5es da Justi\u00e7a italiana.<\/p>\n\n\n\n<p>A Pol\u00edcia Federal j\u00e1 tem a localiza\u00e7\u00e3o exata da deputada e aguarda apenas a libera\u00e7\u00e3o judicial para iniciar a opera\u00e7\u00e3o. Internamente, a expectativa \u00e9 de que o impasse burocr\u00e1tico seja solucionado nos pr\u00f3ximos dias, viabilizando sua extradi\u00e7\u00e3o ao Brasil.<\/p>\n\n\n\n<p>Condenada a 10 anos de reclus\u00e3o pela Primeira Turma do STF, Zambelli foi acusada de contratar Delgatti para falsificar um mandado de pris\u00e3o contra Moraes, supostamente assinado por ele. Apesar de recursos apresentados por sua defesa, aliados pr\u00f3ximos j\u00e1 consideram a pris\u00e3o inevit\u00e1vel, pois os apelos n\u00e3o suspendem a execu\u00e7\u00e3o imediata da senten\u00e7a.<\/p>\n\n\n\n<p><em>Fonte: Metro 1<\/em><\/p>\n","protected":false},"excerpt":{"rendered":"<p>Parlamentar foi condenada a 10 anos de pris\u00e3o por a\u00e7\u00e3o com hacker<\/p>\n","protected":false},"author":2,"featured_media":72444,"comment_status":"open","ping_status":"open","sticky":false,"template":"","format":"standard","meta":{"om_disable_all_campaigns":false,"_monsterinsights_skip_tracking":false,"_monsterinsights_sitenote_active":false,"_monsterinsights_sitenote_note":"","_monsterinsights_sitenote_category":0,"footnotes":""},"categories":[34,70,35,69,21],"tags":[100,71,48,3656,75,4178,4180,1590,129,107,4181,719,132,230,106,203,120,51,109,88,47,111,190],"class_list":["post-72773","post","type-post","status-publish","format-standard","has-post-thumbnail","hentry","category-brasil","category-destaques","category-mundo","category-noticias2","category-politica","tag-adustina","tag-antas","tag-araci","tag-carla-zambelli","tag-cicero-dantas","tag-cipo-2","tag-crisopolis-2","tag-deputada-federal","tag-euclides-da-cunha","tag-fatima","tag-heliopolis-2","tag-italia","tag-itapicuru","tag-jeremoabo","tag-nova-soure","tag-novo-triunfo","tag-olindina","tag-paripiranga","tag-quijingue","tag-ribeira-do-amparo","tag-ribeira-do-pombal","tag-sitio-do-quinto","tag-tucano"],"aioseo_notices":[],"_links":{"self":[{"href":"https:\/\/www.portalalerta.com.br\/index.php\/wp-json\/wp\/v2\/posts\/72773","targetHints":{"allow":["GET"]}}],"collection":[{"href":"https:\/\/www.portalalerta.com.br\/index.php\/wp-json\/wp\/v2\/posts"}],"about":[{"href":"https:\/\/www.portalalerta.com.br\/index.php\/wp-json\/wp\/v2\/types\/post"}],"author":[{"embeddable":true,"href":"https:\/\/www.portalalerta.com.br\/index.php\/wp-json\/wp\/v2\/users\/2"}],"replies":[{"embeddable":true,"href":"https:\/\/www.portalalerta.com.br\/index.php\/wp-json\/wp\/v2\/comments?post=72773"}],"version-history":[{"count":1,"href":"https:\/\/www.portalalerta.com.br\/index.php\/wp-json\/wp\/v2\/posts\/72773\/revisions"}],"predecessor-version":[{"id":72774,"href":"https:\/\/www.portalalerta.com.br\/index.php\/wp-json\/wp\/v2\/posts\/72773\/revisions\/72774"}],"wp:featuredmedia":[{"embeddable":true,"href":"https:\/\/www.portalalerta.com.br\/index.php\/wp-json\/wp\/v2\/media\/72444"}],"wp:attachment":[{"href":"https:\/\/www.portalalerta.com.br\/index.php\/wp-json\/wp\/v2\/media?parent=72773"}],"wp:term":[{"taxonomy":"category","embeddable":true,"href":"https:\/\/www.portalalerta.com.br\/index.php\/wp-json\/wp\/v2\/categories?post=72773"},{"taxonomy":"post_tag","embeddable":true,"href":"https:\/\/www.portalalerta.com.br\/index.php\/wp-json\/wp\/v2\/tags?post=72773"}],"curies":[{"name":"wp","href":"https:\/\/api.w.org\/{rel}","templated":true}]}}