{"id":72785,"date":"2025-06-16T17:04:35","date_gmt":"2025-06-16T20:04:35","guid":{"rendered":"https:\/\/www.portalalerta.com.br\/?p=72785"},"modified":"2025-06-16T17:04:37","modified_gmt":"2025-06-16T20:04:37","slug":"gestores-brasileiros-retidos-em-israel-conseguem-chegar-a-jordania","status":"publish","type":"post","link":"https:\/\/www.portalalerta.com.br\/index.php\/2025\/06\/16\/gestores-brasileiros-retidos-em-israel-conseguem-chegar-a-jordania\/","title":{"rendered":"Gestores brasileiros retidos em Israel conseguem chegar \u00e0 Jord\u00e2nia"},"content":{"rendered":"\n<p>Grupo viajou para participar de uma feira de tecnologia e seguran\u00e7a<\/p>\n\n\n\n<!--more-->\n\n\n\n<p><strong>Parte dos gestores municipais brasileiros&nbsp;<a href=\"https:\/\/agenciabrasil.ebc.com.br\/internacional\/noticia\/2025-06\/itamaraty-tenta-retirada-de-politicos-brasileiros-jordania\">que ficaram retidos em Tel Aviv<\/a>&nbsp;ap\u00f3s o in\u00edcio dos conflitos entre Israel e Ir\u00e3, na \u00faltima quinta-feira (12), conseguiu cruzar a fronteira com a Jord\u00e2nia em seguran\u00e7a, nesta segunda-feira (16).<\/strong><\/p>\n\n\n\n<p>\u201cGra\u00e7as a Deus, deu tudo certo na viagem [\u2026] e j\u00e1 estamos aqui, na Jord\u00e2nia, fazendo os procedimentos de visto\u201d, informou, em uma mensagem de v\u00eddeo, o tesoureiro da Confedera\u00e7\u00e3o Nacional de Munic\u00edpios (CNM), N\u00e9lio Aguiar, pouco ap\u00f3s chegar \u00e0 Jord\u00e2nia, de \u00f4nibus.&nbsp;<\/p>\n\n\n<div class=\"wp-block-image\">\n<figure class=\"alignleft size-large is-resized\"><img fetchpriority=\"high\" decoding=\"async\" src=\"https:\/\/www.portalalerta.com.br\/wp-content\/uploads\/2024\/04\/autoescola-emprego-1024x1024.jpg\" alt=\"\" class=\"wp-image-55693\" width=\"402\" height=\"402\" srcset=\"https:\/\/www.portalalerta.com.br\/wp-content\/uploads\/2024\/04\/autoescola-emprego-1024x1024.jpg 1024w, https:\/\/www.portalalerta.com.br\/wp-content\/uploads\/2024\/04\/autoescola-emprego-240x240.jpg 240w, https:\/\/www.portalalerta.com.br\/wp-content\/uploads\/2024\/04\/autoescola-emprego-768x768.jpg 768w, https:\/\/www.portalalerta.com.br\/wp-content\/uploads\/2024\/04\/autoescola-emprego.jpg 1080w\" sizes=\"(max-width: 402px) 100vw, 402px\" \/><\/figure><\/div>\n\n\n<p><strong>Aguiar integra o grupo de prefeitos, vice-prefeitos, vereadores e secret\u00e1rios municipais que viajaram a Israel com a justificativa de participar de uma feira de tecnologia e seguran\u00e7a.&nbsp;<\/strong>Segundo a CNM, al\u00e9m de Aguiar, fazem parte do primeiro grupo que conseguiu deixar Israel ap\u00f3s as opera\u00e7\u00f5es do Aeroporto Internacional de Tel Aviv serem suspensas:&nbsp;<\/p>\n\n\n\n<ul class=\"wp-block-list\">\n<li>\u00c1lvaro Dami\u00e3o, prefeito de Belo Horizonte;<\/li>\n\n\n\n<li>M\u00e1rcio Lobato, secret\u00e1rio de Seguran\u00e7a P\u00fablica de Belo Horizonte;<\/li>\n\n\n\n<li>Welberth Porto, prefeito de Maca\u00e9 (RJ);<\/li>\n\n\n\n<li>Johnny Maycon, prefeito de Nova Friburgo (RJ);<\/li>\n\n\n\n<li>C\u00edcero de Lucena, prefeito de Jo\u00e3o Pessoa (PB);<\/li>\n\n\n\n<li>Janete Aparecida, vice-prefeita de Divin\u00f3polis (MG);<\/li>\n\n\n\n<li>Fl\u00e1vio Guimar\u00e3es, vereador do Rio de Janeiro;<\/li>\n\n\n\n<li>Gilson Chagas, secret\u00e1rio de Seguran\u00e7a P\u00fablica de Niter\u00f3i (RJ);<\/li>\n\n\n\n<li>Francisco Vagner, secret\u00e1rio de Planejamento de Natal (RN);<\/li>\n\n\n\n<li>Davi de Matos, chefe-executivo do Centro de Intelig\u00eancia, Vigil\u00e2ncia e Tecnologia de Seguran\u00e7a P\u00fablica do Rio de Janeiro (Civitas).<\/li>\n<\/ul>\n\n\n\n<p><strong>Em nota, o Minist\u00e9rio das Rela\u00e7\u00f5es Exteriores de Israel garantiu que far\u00e1 \u201ctodos os esfor\u00e7os, em coordena\u00e7\u00e3o com a Embaixada do Brasil, para garantir uma sa\u00edda segura para os demais brasileiros de todas as delega\u00e7\u00f5es, sempre que houver as condi\u00e7\u00f5es adequadas para o deslocamento\u201d.<\/strong><\/p>\n\n\n\n<p>Em uma mensagem de v\u00eddeo, o prefeito de Jo\u00e3o Pessoa, C\u00edcero de Lucena, contou que, ao chegar \u00e0 Jord\u00e2nia, o grupo foi acolhido por funcion\u00e1rios da embaixada do Brasil. \u201cAgora, vamos seguir para a Ar\u00e1bia Saudita, j\u00e1 que, l\u00e1, o espa\u00e7o a\u00e9reo est\u00e1 aberto. Continuamos com bastante seguran\u00e7a e tranquilidade\u201d, comentou Lucena.<\/p>\n\n\n\n<p><strong>Conflito<\/strong><\/p>\n\n\n\n<p><strong>A viagem das autoridades p\u00fablicas brasileiras ocorre em meio \u00e0 guerra entre Israel e o grupo palestino Hamas<\/strong>&nbsp;\u2013 conflito b\u00e9lico que se arrasta h\u00e1 d\u00e9cadas e se intensificou em outubro de 2023, quando o Hamas atacou Israel, matando e sequestrando civis em territ\u00f3rio israelense.&nbsp;<\/p>\n\n\n\n<p>A partir da\u00ed, a rea\u00e7\u00e3o militar israelense arrasou a Faixa de Gaza, ceifando milhares de vidas, incluindo de civis e crian\u00e7as.&nbsp;<strong>Em resposta \u00e0s a\u00e7\u00f5es do governo do primeiro-ministro Benjamin Netanyahu,&nbsp;<a href=\"https:\/\/agenciabrasil.ebc.com.br\/internacional\/noticia\/2025-06\/governo-estuda-medidas-para-romper-relacoes-militares-com-israel\">o governo brasileiro estuda&nbsp;medidas<\/a>&nbsp;para romper rela\u00e7\u00f5es militares com Israel.<\/strong><\/p>\n\n\n\n<p>Al\u00e9m de ocupar a Faixa de Gaza,&nbsp;<strong>Israel abriu, na semana passada, uma nova frente de guerra, bombardeando o Ir\u00e3 durante a madrugada da \u00faltima sexta-feira (13).&nbsp;<\/strong>Segundo Tel Aviv, os alvos dos ataques foram instala\u00e7\u00f5es militares e nucleares. De acordo com fontes iranianas, ao menos nove pessoas morreram e uma centena ficou ferida j\u00e1 neste primeiro ataque israelense.&nbsp;<\/p>\n\n\n\n<p>A retalia\u00e7\u00e3o iraniana n\u00e3o demorou e, no mesmo dia (13),&nbsp;<a href=\"https:\/\/agenciabrasil.ebc.com.br\/internacional\/noticia\/2025-06\/misseis-iranianos-atingem-tel-aviv-e-haifa\"><strong>m\u00edsseis bal\u00edsticos atingiram<\/strong><\/a>&nbsp;Tel Aviv e Jerusal\u00e9m.<\/p>\n\n\n\n<p><em>Fonte: ag\u00eancia Brasil<\/em><\/p>\n","protected":false},"excerpt":{"rendered":"<p>Grupo viajou para participar de uma feira de tecnologia e seguran\u00e7a<\/p>\n","protected":false},"author":2,"featured_media":72783,"comment_status":"open","ping_status":"open","sticky":false,"template":"","format":"standard","meta":{"om_disable_all_campaigns":false,"_monsterinsights_skip_tracking":false,"_monsterinsights_sitenote_active":false,"_monsterinsights_sitenote_note":"","_monsterinsights_sitenote_category":0,"footnotes":""},"categories":[34,70,35,69,21],"tags":[100,71,48,93,75,4178,4180,129,107,835,4181,609,858,132,230,106,203,120,51,133,109,88,47,111,190],"class_list":["post-72785","post","type-post","status-publish","format-standard","has-post-thumbnail","hentry","category-brasil","category-destaques","category-mundo","category-noticias2","category-politica","tag-adustina","tag-antas","tag-araci","tag-brasil","tag-cicero-dantas","tag-cipo-2","tag-crisopolis-2","tag-euclides-da-cunha","tag-fatima","tag-guerra","tag-heliopolis-2","tag-ira","tag-israel","tag-itapicuru","tag-jeremoabo","tag-nova-soure","tag-novo-triunfo","tag-olindina","tag-paripiranga","tag-politicos","tag-quijingue","tag-ribeira-do-amparo","tag-ribeira-do-pombal","tag-sitio-do-quinto","tag-tucano"],"aioseo_notices":[],"_links":{"self":[{"href":"https:\/\/www.portalalerta.com.br\/index.php\/wp-json\/wp\/v2\/posts\/72785","targetHints":{"allow":["GET"]}}],"collection":[{"href":"https:\/\/www.portalalerta.com.br\/index.php\/wp-json\/wp\/v2\/posts"}],"about":[{"href":"https:\/\/www.portalalerta.com.br\/index.php\/wp-json\/wp\/v2\/types\/post"}],"author":[{"embeddable":true,"href":"https:\/\/www.portalalerta.com.br\/index.php\/wp-json\/wp\/v2\/users\/2"}],"replies":[{"embeddable":true,"href":"https:\/\/www.portalalerta.com.br\/index.php\/wp-json\/wp\/v2\/comments?post=72785"}],"version-history":[{"count":2,"href":"https:\/\/www.portalalerta.com.br\/index.php\/wp-json\/wp\/v2\/posts\/72785\/revisions"}],"predecessor-version":[{"id":72787,"href":"https:\/\/www.portalalerta.com.br\/index.php\/wp-json\/wp\/v2\/posts\/72785\/revisions\/72787"}],"wp:featuredmedia":[{"embeddable":true,"href":"https:\/\/www.portalalerta.com.br\/index.php\/wp-json\/wp\/v2\/media\/72783"}],"wp:attachment":[{"href":"https:\/\/www.portalalerta.com.br\/index.php\/wp-json\/wp\/v2\/media?parent=72785"}],"wp:term":[{"taxonomy":"category","embeddable":true,"href":"https:\/\/www.portalalerta.com.br\/index.php\/wp-json\/wp\/v2\/categories?post=72785"},{"taxonomy":"post_tag","embeddable":true,"href":"https:\/\/www.portalalerta.com.br\/index.php\/wp-json\/wp\/v2\/tags?post=72785"}],"curies":[{"name":"wp","href":"https:\/\/api.w.org\/{rel}","templated":true}]}}