{"id":72790,"date":"2025-06-16T17:09:54","date_gmt":"2025-06-16T20:09:54","guid":{"rendered":"https:\/\/www.portalalerta.com.br\/?p=72790"},"modified":"2025-06-16T17:09:56","modified_gmt":"2025-06-16T20:09:56","slug":"netanyahu-rejeita-negociacao-com-ira-e-diz-que-nao-descarta-assassinar-lider-supremo","status":"publish","type":"post","link":"https:\/\/www.portalalerta.com.br\/index.php\/2025\/06\/16\/netanyahu-rejeita-negociacao-com-ira-e-diz-que-nao-descarta-assassinar-lider-supremo\/","title":{"rendered":"Netanyahu rejeita negocia\u00e7\u00e3o com Ir\u00e3 e diz que n\u00e3o descarta assassinar l\u00edder supremo"},"content":{"rendered":"\n<p>Primeiro-ministro contraria Casa Branca de que um ataque ao l\u00edder iraniano ou uma maior participa\u00e7\u00e3o americana possam escalar o conflito<\/p>\n\n\n\n<!--more-->\n\n\n\n<p>O primeiro-ministro de Israel, Benjamin Netanyahu, afirmou nesta segunda-feira que o Ir\u00e3 &#8220;n\u00e3o quer sentar \u00e0 mesa de negocia\u00e7\u00f5es. Eles querem explodir a mesa&#8221;, ao rejeitar a possibilidade de di\u00e1logo com Teer\u00e3, em entrevista \u00e0&nbsp;<em>ABC News<\/em>. &#8220;Eles querem continuar com essas falsas conversas, nas quais mentem, trapaceiam e enganam os EUA. Temos informa\u00e7\u00f5es muito s\u00f3lidas sobre isso&#8221;, declarou.<\/p>\n\n\n\n<p>Segundo Netanyahu, os dois meses de tentativas diplom\u00e1ticas entre EUA e Ir\u00e3 n\u00e3o produziram resultados. &#8220;Como isso n\u00e3o aconteceu da maneira diplom\u00e1tica, tivemos que agir&#8221;, disse. Ele afirmou ainda que &#8220;n\u00e3o descarta&#8221; o assassinato do l\u00edder supremo iraniano, Ali Khamenei. &#8220;Estamos fazendo o que temos que fazer.&#8221;<\/p>\n\n\n\n<p>Contrariando temores da Casa Branca de que um ataque ao l\u00edder iraniano ou uma maior participa\u00e7\u00e3o americana possam escalar o conflito, o premi\u00ea foi categ\u00f3rico: &#8220;N\u00e3o vai escalar, vai acabar com o conflito.&#8221; Para ele, o regime iraniano \u00e9 o respons\u00e1vel pela instabilidade regional. &#8220;Tivemos meio s\u00e9culo de brigas espalhadas por esse regime que aterroriza o Oriente M\u00e9dio. A guerra eterna \u00e9 o que o Ir\u00e3 quer, e eles est\u00e3o nos levando \u00e0 beira de uma guerra nuclear.&#8221;<\/p>\n\n\n\n<p>Netanyahu afirmou que a ofensiva israelense visa impedir esse desfecho. &#8220;O que Israel est\u00e1 fazendo \u00e9 evitar isso, colocando fim a essa agress\u00e3o. S\u00f3 conseguimos fazendo frente \u00e0s for\u00e7as do mal.&#8221; O premi\u00ea ressaltou a participa\u00e7\u00e3o americana nas a\u00e7\u00f5es de defesa ao apontar que &#8220;pilotos americanos est\u00e3o nos ajudando a derrubar drones&#8221;. Ele agradeceu o apoio do presidente americano, Donald Trump, e pontuou que a ajuda dos EUA ser\u00e1 bem-vinda da maneira que o republicano quiser.<\/p>\n\n\n\n<p><em>Fonte: Band<\/em><\/p>\n","protected":false},"excerpt":{"rendered":"<p>Primeiro-ministro contraria Casa Branca de que um ataque ao l\u00edder iraniano ou uma maior participa\u00e7\u00e3o americana possam escalar o conflito<\/p>\n","protected":false},"author":2,"featured_media":55422,"comment_status":"open","ping_status":"open","sticky":false,"template":"","format":"standard","meta":{"om_disable_all_campaigns":false,"_monsterinsights_skip_tracking":false,"_monsterinsights_sitenote_active":false,"_monsterinsights_sitenote_note":"","_monsterinsights_sitenote_category":0,"footnotes":""},"categories":[70,35,69],"tags":[100,71,48,2485,75,4178,4180,129,107,4181,8068,858,132,230,339,106,203,120,51,109,88,47,111,190],"class_list":["post-72790","post","type-post","status-publish","format-standard","has-post-thumbnail","hentry","category-destaques","category-mundo","category-noticias2","tag-adustina","tag-antas","tag-araci","tag-benjamin-netanyahu","tag-cicero-dantas","tag-cipo-2","tag-crisopolis-2","tag-euclides-da-cunha","tag-fatima","tag-heliopolis-2","tag-irao","tag-israel","tag-itapicuru","tag-jeremoabo","tag-mundo","tag-nova-soure","tag-novo-triunfo","tag-olindina","tag-paripiranga","tag-quijingue","tag-ribeira-do-amparo","tag-ribeira-do-pombal","tag-sitio-do-quinto","tag-tucano"],"aioseo_notices":[],"_links":{"self":[{"href":"https:\/\/www.portalalerta.com.br\/index.php\/wp-json\/wp\/v2\/posts\/72790","targetHints":{"allow":["GET"]}}],"collection":[{"href":"https:\/\/www.portalalerta.com.br\/index.php\/wp-json\/wp\/v2\/posts"}],"about":[{"href":"https:\/\/www.portalalerta.com.br\/index.php\/wp-json\/wp\/v2\/types\/post"}],"author":[{"embeddable":true,"href":"https:\/\/www.portalalerta.com.br\/index.php\/wp-json\/wp\/v2\/users\/2"}],"replies":[{"embeddable":true,"href":"https:\/\/www.portalalerta.com.br\/index.php\/wp-json\/wp\/v2\/comments?post=72790"}],"version-history":[{"count":1,"href":"https:\/\/www.portalalerta.com.br\/index.php\/wp-json\/wp\/v2\/posts\/72790\/revisions"}],"predecessor-version":[{"id":72791,"href":"https:\/\/www.portalalerta.com.br\/index.php\/wp-json\/wp\/v2\/posts\/72790\/revisions\/72791"}],"wp:featuredmedia":[{"embeddable":true,"href":"https:\/\/www.portalalerta.com.br\/index.php\/wp-json\/wp\/v2\/media\/55422"}],"wp:attachment":[{"href":"https:\/\/www.portalalerta.com.br\/index.php\/wp-json\/wp\/v2\/media?parent=72790"}],"wp:term":[{"taxonomy":"category","embeddable":true,"href":"https:\/\/www.portalalerta.com.br\/index.php\/wp-json\/wp\/v2\/categories?post=72790"},{"taxonomy":"post_tag","embeddable":true,"href":"https:\/\/www.portalalerta.com.br\/index.php\/wp-json\/wp\/v2\/tags?post=72790"}],"curies":[{"name":"wp","href":"https:\/\/api.w.org\/{rel}","templated":true}]}}