{"id":72792,"date":"2025-06-16T17:53:34","date_gmt":"2025-06-16T20:53:34","guid":{"rendered":"https:\/\/www.portalalerta.com.br\/?p=72792"},"modified":"2025-06-16T17:53:36","modified_gmt":"2025-06-16T20:53:36","slug":"cipo-ba-completa-um-ano-sem-registrar-homicidio","status":"publish","type":"post","link":"https:\/\/www.portalalerta.com.br\/index.php\/2025\/06\/16\/cipo-ba-completa-um-ano-sem-registrar-homicidio\/","title":{"rendered":"Cip\u00f3-BA completa um ano sem registrar homic\u00eddio"},"content":{"rendered":"\n<p>No \u00faltimo domingo (15), o munic\u00edpio de Cip\u00f3-BA comemorou a marca de um ano sem registro de homic\u00eddio.<\/p>\n\n\n\n<!--more-->\n\n\n\n<p>O \u00faltimo crime desta natureza foi registrado no dia 15 de junho de 2024, quando Edson da Concei\u00e7\u00e3o Silva Santos, 28 anos, foi assassinado com um golpe de faca, que teria sido desferido pela pr\u00f3pria esposa. <a href=\"https:\/\/www.portalalerta.com.br\/index.php\/2024\/06\/17\/homem-e-assassinado-a-facada-em-cipo-ba-e-municipio-registra-o-primeiro-homicidio-do-ano-esposa-e-apontada-como-autora-do-crime\/\"><strong>Relembre<\/strong><\/a><\/p>\n\n\n\n<p>O crime que vitimou Edson, tamb\u00e9m foi o \u00fanico homic\u00eddio ocorrido na cidade, em 2024.<\/p>\n\n\n\n<p><em>Reda\u00e7\u00e3o: Portal Alerta<\/em><\/p>\n","protected":false},"excerpt":{"rendered":"<p>No \u00faltimo domingo (15), o munic\u00edpio de Cip\u00f3-BA comemorou a marca de um ano sem registro de homic\u00eddio.<\/p>\n","protected":false},"author":2,"featured_media":35723,"comment_status":"open","ping_status":"open","sticky":false,"template":"","format":"standard","meta":{"om_disable_all_campaigns":false,"_monsterinsights_skip_tracking":false,"_monsterinsights_sitenote_active":false,"_monsterinsights_sitenote_note":"","_monsterinsights_sitenote_category":0,"footnotes":""},"categories":[13,70,69,32,22],"tags":[100,71,48,75,4178,4180,129,107,4181,206,132,230,106,203,120,51,109,88,47,111,190],"class_list":["post-72792","post","type-post","status-publish","format-standard","has-post-thumbnail","hentry","category-cipo","category-destaques","category-noticias2","category-regiao","category-seguranca","tag-adustina","tag-antas","tag-araci","tag-cicero-dantas","tag-cipo-2","tag-crisopolis-2","tag-euclides-da-cunha","tag-fatima","tag-heliopolis-2","tag-homicidio","tag-itapicuru","tag-jeremoabo","tag-nova-soure","tag-novo-triunfo","tag-olindina","tag-paripiranga","tag-quijingue","tag-ribeira-do-amparo","tag-ribeira-do-pombal","tag-sitio-do-quinto","tag-tucano"],"aioseo_notices":[],"_links":{"self":[{"href":"https:\/\/www.portalalerta.com.br\/index.php\/wp-json\/wp\/v2\/posts\/72792","targetHints":{"allow":["GET"]}}],"collection":[{"href":"https:\/\/www.portalalerta.com.br\/index.php\/wp-json\/wp\/v2\/posts"}],"about":[{"href":"https:\/\/www.portalalerta.com.br\/index.php\/wp-json\/wp\/v2\/types\/post"}],"author":[{"embeddable":true,"href":"https:\/\/www.portalalerta.com.br\/index.php\/wp-json\/wp\/v2\/users\/2"}],"replies":[{"embeddable":true,"href":"https:\/\/www.portalalerta.com.br\/index.php\/wp-json\/wp\/v2\/comments?post=72792"}],"version-history":[{"count":1,"href":"https:\/\/www.portalalerta.com.br\/index.php\/wp-json\/wp\/v2\/posts\/72792\/revisions"}],"predecessor-version":[{"id":72793,"href":"https:\/\/www.portalalerta.com.br\/index.php\/wp-json\/wp\/v2\/posts\/72792\/revisions\/72793"}],"wp:featuredmedia":[{"embeddable":true,"href":"https:\/\/www.portalalerta.com.br\/index.php\/wp-json\/wp\/v2\/media\/35723"}],"wp:attachment":[{"href":"https:\/\/www.portalalerta.com.br\/index.php\/wp-json\/wp\/v2\/media?parent=72792"}],"wp:term":[{"taxonomy":"category","embeddable":true,"href":"https:\/\/www.portalalerta.com.br\/index.php\/wp-json\/wp\/v2\/categories?post=72792"},{"taxonomy":"post_tag","embeddable":true,"href":"https:\/\/www.portalalerta.com.br\/index.php\/wp-json\/wp\/v2\/tags?post=72792"}],"curies":[{"name":"wp","href":"https:\/\/api.w.org\/{rel}","templated":true}]}}