{"id":72798,"date":"2025-06-16T23:55:31","date_gmt":"2025-06-17T02:55:31","guid":{"rendered":"https:\/\/www.portalalerta.com.br\/?p=72798"},"modified":"2025-06-16T23:55:33","modified_gmt":"2025-06-17T02:55:33","slug":"prazo-para-pagar-taxa-do-enem-2025-e-prorrogado-ate-27-de-junho","status":"publish","type":"post","link":"https:\/\/www.portalalerta.com.br\/index.php\/2025\/06\/16\/prazo-para-pagar-taxa-do-enem-2025-e-prorrogado-ate-27-de-junho\/","title":{"rendered":"Prazo para pagar taxa do Enem 2025 \u00e9 prorrogado at\u00e9 27 de junho"},"content":{"rendered":"\n<p><strong>Candidatos podem fazer pagamento por boleto, pix, cr\u00e9dito e d\u00e9bito<\/strong><\/p>\n\n\n\n<!--more-->\n\n\n\n<p><strong>O Minist\u00e9rio da Educa\u00e7\u00e3o (MEC)&nbsp;ampliou o prazo para o pagamento da taxa de inscri\u00e7\u00e3o do&nbsp;Exame Nacional do Ensino M\u00e9dio (Enem). Com isso, os&nbsp;candidatos ter\u00e3o at\u00e9 o dia 27 de junho para fazer o pagamento.&nbsp;<\/strong><strong><\/strong><\/p>\n\n\n\n<p><strong>A&nbsp;inscri\u00e7\u00e3o \u00e9 confirmada ap\u00f3s o pagamento.&nbsp;<\/strong><\/p>\n\n\n<div class=\"wp-block-image\">\n<figure class=\"alignleft size-large is-resized\"><img decoding=\"async\" src=\"https:\/\/www.portalalerta.com.br\/wp-content\/uploads\/2025\/06\/Real-Sao-Joao-2025-819x1024.jpg\" alt=\"\" class=\"wp-image-72448\" width=\"495\" srcset=\"https:\/\/www.portalalerta.com.br\/wp-content\/uploads\/2025\/06\/Real-Sao-Joao-2025-819x1024.jpg 819w, https:\/\/www.portalalerta.com.br\/wp-content\/uploads\/2025\/06\/Real-Sao-Joao-2025-192x240.jpg 192w, https:\/\/www.portalalerta.com.br\/wp-content\/uploads\/2025\/06\/Real-Sao-Joao-2025-768x960.jpg 768w, https:\/\/www.portalalerta.com.br\/wp-content\/uploads\/2025\/06\/Real-Sao-Joao-2025.jpg 1024w\" sizes=\"(max-width: 819px) 100vw, 819px\" \/><\/figure><\/div>\n\n\n<p><strong>A&nbsp;taxa de R$ 85 pode ser paga&nbsp;por meio de boleto,&nbsp;gerado na&nbsp;P\u00e1gina do Participante, Pix, cart\u00e3o de cr\u00e9dito&nbsp;ou&nbsp;d\u00e9bito em conta corrente&nbsp;ou&nbsp;poupan\u00e7a (a depender do banco).&nbsp;<\/strong><\/p>\n\n\n\n<p><strong>Para efetuar o pagamento&nbsp;via Pix, o candidato deve escanear o QR&nbsp;Code&nbsp;dispon\u00edvel no pr\u00f3prio boleto.&nbsp;E<\/strong><\/p>\n\n\n\n<p><strong>Alunos de escolas p\u00fablicas que terminam&nbsp;o ensino m\u00e9dio em 2025 s\u00e3o isentos da taxa, por isso,&nbsp;o sistema n\u00e3o gerar\u00e1 boleto para eles.&nbsp;<\/strong><\/p>\n\n\n\n<p><strong>Provas<\/strong><\/p>\n\n\n\n<p><strong>As&nbsp;provas do Enem ser\u00e1 aplicadas nos dias 9 e 16 de novembro.<\/strong><\/p>\n\n\n\n<p><strong>O exame ser\u00e1 realizado em 30 de novembro e 7 de dezembro&nbsp;nas cidades de Bel\u00e9m, Ananindeua e\u202fMarituba, todas no Par\u00e1, por causa da 30\u00aa Confer\u00eancia das Na\u00e7\u00f5es Unidas sobre Mudan\u00e7as Clim\u00e1ticas (COP 30), que ser\u00e1 realizada no m\u00eas de novembro.\u202f&nbsp;<\/strong><\/p>\n\n\n\n<p><strong>Certifica\u00e7\u00e3o<\/strong><\/p>\n\n\n\n<p><strong>Na edi\u00e7\u00e3o de 2025, o&nbsp;Enem voltar\u00e1 a certificar a conclus\u00e3o do ensino m\u00e9dio ou a profici\u00eancia parcial de estudantes maiores de 18 anos.&nbsp;Para obter a certifica\u00e7\u00e3o, \u00e9 necess\u00e1rio que o participante atinja&nbsp;o m\u00ednimo de 450 pontos em cada uma das \u00e1reas de conhecimento e o m\u00ednimo de 500 pontos na reda\u00e7\u00e3o do Enem<\/strong><\/p>\n\n\n\n<p><em>Fonte: Ag\u00eancia Brasil<\/em><\/p>\n","protected":false},"excerpt":{"rendered":"<p>Candidatos podem fazer pagamento por boleto, pix, cr\u00e9dito e d\u00e9bito<\/p>\n","protected":false},"author":2,"featured_media":4029,"comment_status":"open","ping_status":"open","sticky":false,"template":"","format":"standard","meta":{"om_disable_all_campaigns":false,"_monsterinsights_skip_tracking":false,"_monsterinsights_sitenote_active":false,"_monsterinsights_sitenote_note":"","_monsterinsights_sitenote_category":0,"footnotes":""},"categories":[34,70,20,69],"tags":[100,71,48,93,75,4178,4180,220,129,107,4181,6650,132,230,106,203,120,51,109,88,47,111,190],"class_list":["post-72798","post","type-post","status-publish","format-standard","has-post-thumbnail","hentry","category-brasil","category-destaques","category-educacao","category-noticias2","tag-adustina","tag-antas","tag-araci","tag-brasil","tag-cicero-dantas","tag-cipo-2","tag-crisopolis-2","tag-enem","tag-euclides-da-cunha","tag-fatima","tag-heliopolis-2","tag-inscricao","tag-itapicuru","tag-jeremoabo","tag-nova-soure","tag-novo-triunfo","tag-olindina","tag-paripiranga","tag-quijingue","tag-ribeira-do-amparo","tag-ribeira-do-pombal","tag-sitio-do-quinto","tag-tucano"],"aioseo_notices":[],"_links":{"self":[{"href":"https:\/\/www.portalalerta.com.br\/index.php\/wp-json\/wp\/v2\/posts\/72798","targetHints":{"allow":["GET"]}}],"collection":[{"href":"https:\/\/www.portalalerta.com.br\/index.php\/wp-json\/wp\/v2\/posts"}],"about":[{"href":"https:\/\/www.portalalerta.com.br\/index.php\/wp-json\/wp\/v2\/types\/post"}],"author":[{"embeddable":true,"href":"https:\/\/www.portalalerta.com.br\/index.php\/wp-json\/wp\/v2\/users\/2"}],"replies":[{"embeddable":true,"href":"https:\/\/www.portalalerta.com.br\/index.php\/wp-json\/wp\/v2\/comments?post=72798"}],"version-history":[{"count":1,"href":"https:\/\/www.portalalerta.com.br\/index.php\/wp-json\/wp\/v2\/posts\/72798\/revisions"}],"predecessor-version":[{"id":72799,"href":"https:\/\/www.portalalerta.com.br\/index.php\/wp-json\/wp\/v2\/posts\/72798\/revisions\/72799"}],"wp:featuredmedia":[{"embeddable":true,"href":"https:\/\/www.portalalerta.com.br\/index.php\/wp-json\/wp\/v2\/media\/4029"}],"wp:attachment":[{"href":"https:\/\/www.portalalerta.com.br\/index.php\/wp-json\/wp\/v2\/media?parent=72798"}],"wp:term":[{"taxonomy":"category","embeddable":true,"href":"https:\/\/www.portalalerta.com.br\/index.php\/wp-json\/wp\/v2\/categories?post=72798"},{"taxonomy":"post_tag","embeddable":true,"href":"https:\/\/www.portalalerta.com.br\/index.php\/wp-json\/wp\/v2\/tags?post=72798"}],"curies":[{"name":"wp","href":"https:\/\/api.w.org\/{rel}","templated":true}]}}