{"id":72802,"date":"2025-06-17T00:00:08","date_gmt":"2025-06-17T03:00:08","guid":{"rendered":"https:\/\/www.portalalerta.com.br\/?p=72802"},"modified":"2025-06-17T00:00:10","modified_gmt":"2025-06-17T03:00:10","slug":"bolsonaro-pede-ao-stf-anulacao-da-delacao-de-mauro-cid","status":"publish","type":"post","link":"https:\/\/www.portalalerta.com.br\/index.php\/2025\/06\/17\/bolsonaro-pede-ao-stf-anulacao-da-delacao-de-mauro-cid\/","title":{"rendered":"Bolsonaro pede ao STF anula\u00e7\u00e3o da dela\u00e7\u00e3o de Mauro Cid"},"content":{"rendered":"\n<p><strong>Defesa alega que ex-ajudante de ordens mentiu em interrogat\u00f3rio<\/strong><\/p>\n\n\n\n<!--more-->\n\n\n\n<p><strong>A&nbsp;defesa do ex-presidente Jair Bolsonaro pediu nesta segunda-feira (16) ao ministro do Supremo Tribunal Federal (STF) Alexandre de Moraes a anula\u00e7\u00e3o do acordo de dela\u00e7\u00e3o premiada do ex-ajudante de ordens, tenente-coronel Mauro Cid.<\/strong><strong><\/strong><\/p>\n\n\n\n<p><strong>De acordo com os advogados, Cid mentiu durante interrogat\u00f3rio realizado na semana passada e descumpriu as cl\u00e1usulas de sigilo do acordo, assinado com a Pol\u00edcia Federal (PF) nas investiga\u00e7\u00f5es da trama golpista.&nbsp;<\/strong><\/p>\n\n\n\n<p><strong>&#8220;O delator mentiu de novo, e tem mentido para acobertar suas sucessivas mentiras e que alcan\u00e7am tamb\u00e9m os depoimentos prestados. Os fatos trazidos a p\u00fablico ap\u00f3s os interrogat\u00f3rios s\u00e3o graves, para dizer o m\u00ednimo e muito pouco&#8221;, afirmou.<\/strong><\/p>\n\n\n\n<p><strong>O pedido da defesa de Bolsonaro foi feito ap\u00f3s revista&nbsp;<em>Veja<\/em>&nbsp;publicar que Cid mentiu no depoimento.<\/strong><\/p>\n\n\n\n<p><strong>Durante a oitiva, Mauro Cid foi perguntado pela defesa de Bolsonaro se tinha conhecimento sobre os perfis @gabrielar702 e Gabriela R, no Instagram, que s\u00e3o identificados com mesmo nome da esposa do militar, Gabriela Cid.&nbsp;Ele respondeu que n\u00e3o sabia se o perfil era de sua esposa e afirmou que n\u00e3o usou redes sociais para se comunicar com outros investigados.<\/strong><\/p>\n\n\n\n<p><strong>Os advogados do ex-presidente levantaram a suspeita de que Cid usou o perfil para vazar informa\u00e7\u00f5es de seus depoimentos da&nbsp;dela\u00e7\u00e3o.<\/strong><\/p>\n\n\n\n<p><strong>Pelas cl\u00e1usulas do acordo, os depoimentos s\u00e3o sigilosos, e o descumprimento pode levar a penalidades, como a anula\u00e7\u00e3o dos benef\u00edcios, entre eles, a possiblidade de responder ao processo em liberdade.<\/strong><\/p>\n\n\n\n<p><strong>Defesa<\/strong><\/p>\n\n\n\n<p><strong>Ap\u00f3s a divulga\u00e7\u00e3o da reportagem, a defesa de Mauro Cid disse que a reportagem da revista Veja \u00e9 &#8220;mentirosa&#8221;. Os advogados tamb\u00e9m pediram a investiga\u00e7\u00e3o sobre a titularidade dos perfis.&nbsp;<\/strong><\/p>\n\n\n\n<p><strong>&#8220;Esse perfil n\u00e3o \u00e9 e nunca foi utilizado por Mauro Cid, pois, ainda que seja coincidente com nome de sua esposa (Gabriela), com ela n\u00e3o guarda qualquer rela\u00e7\u00e3o&#8221;, afirmou a defesa.&nbsp;<\/strong><\/p>\n\n\n\n<p><em>Fonte: Ag\u00eancia Brasil<\/em><\/p>\n","protected":false},"excerpt":{"rendered":"<p>Defesa alega que ex-ajudante de ordens mentiu em interrogat\u00f3rio<\/p>\n","protected":false},"author":2,"featured_media":48816,"comment_status":"open","ping_status":"open","sticky":false,"template":"","format":"standard","meta":{"om_disable_all_campaigns":false,"_monsterinsights_skip_tracking":false,"_monsterinsights_sitenote_active":false,"_monsterinsights_sitenote_note":"","_monsterinsights_sitenote_category":0,"footnotes":""},"categories":[34,70,69,21],"tags":[100,71,48,75,4178,4180,129,107,4181,132,1395,230,6016,106,203,120,51,109,88,47,111,216,190],"class_list":["post-72802","post","type-post","status-publish","format-standard","has-post-thumbnail","hentry","category-brasil","category-destaques","category-noticias2","category-politica","tag-adustina","tag-antas","tag-araci","tag-cicero-dantas","tag-cipo-2","tag-crisopolis-2","tag-euclides-da-cunha","tag-fatima","tag-heliopolis-2","tag-itapicuru","tag-jair-bolsonaro","tag-jeremoabo","tag-mauro-cid","tag-nova-soure","tag-novo-triunfo","tag-olindina","tag-paripiranga","tag-quijingue","tag-ribeira-do-amparo","tag-ribeira-do-pombal","tag-sitio-do-quinto","tag-stf","tag-tucano"],"aioseo_notices":[],"_links":{"self":[{"href":"https:\/\/www.portalalerta.com.br\/index.php\/wp-json\/wp\/v2\/posts\/72802","targetHints":{"allow":["GET"]}}],"collection":[{"href":"https:\/\/www.portalalerta.com.br\/index.php\/wp-json\/wp\/v2\/posts"}],"about":[{"href":"https:\/\/www.portalalerta.com.br\/index.php\/wp-json\/wp\/v2\/types\/post"}],"author":[{"embeddable":true,"href":"https:\/\/www.portalalerta.com.br\/index.php\/wp-json\/wp\/v2\/users\/2"}],"replies":[{"embeddable":true,"href":"https:\/\/www.portalalerta.com.br\/index.php\/wp-json\/wp\/v2\/comments?post=72802"}],"version-history":[{"count":1,"href":"https:\/\/www.portalalerta.com.br\/index.php\/wp-json\/wp\/v2\/posts\/72802\/revisions"}],"predecessor-version":[{"id":72803,"href":"https:\/\/www.portalalerta.com.br\/index.php\/wp-json\/wp\/v2\/posts\/72802\/revisions\/72803"}],"wp:featuredmedia":[{"embeddable":true,"href":"https:\/\/www.portalalerta.com.br\/index.php\/wp-json\/wp\/v2\/media\/48816"}],"wp:attachment":[{"href":"https:\/\/www.portalalerta.com.br\/index.php\/wp-json\/wp\/v2\/media?parent=72802"}],"wp:term":[{"taxonomy":"category","embeddable":true,"href":"https:\/\/www.portalalerta.com.br\/index.php\/wp-json\/wp\/v2\/categories?post=72802"},{"taxonomy":"post_tag","embeddable":true,"href":"https:\/\/www.portalalerta.com.br\/index.php\/wp-json\/wp\/v2\/tags?post=72802"}],"curies":[{"name":"wp","href":"https:\/\/api.w.org\/{rel}","templated":true}]}}