{"id":72806,"date":"2025-06-18T16:49:02","date_gmt":"2025-06-18T19:49:02","guid":{"rendered":"https:\/\/www.portalalerta.com.br\/?p=72806"},"modified":"2025-06-18T16:49:07","modified_gmt":"2025-06-18T19:49:07","slug":"brasil-se-declara-pais-livre-da-gripe-aviaria","status":"publish","type":"post","link":"https:\/\/www.portalalerta.com.br\/index.php\/2025\/06\/18\/brasil-se-declara-pais-livre-da-gripe-aviaria\/","title":{"rendered":"Brasil se declara pa\u00eds livre da gripe avi\u00e1ria"},"content":{"rendered":"\n<p>Pa\u00edses que restringiram compras de frango est\u00e3o sendo notificados<\/p>\n\n\n\n<!--more-->\n\n\n\n<p>O Brasil voltou a ser um pa\u00eds livre da influenza avi\u00e1ria, ap\u00f3s ter cumprido os protocolos internacionais que preveem, entre outras medidas, o prazo de 28 dias sem novos registros em granjas comerciais.<\/p>\n\n\n\n<p><strong>O an\u00fancio oficial de cumprimento do per\u00edodo de vazio sanit\u00e1rio foi dado pelo Minist\u00e9rio da Agricultura e Pecu\u00e1ria (Mapa), em comunicado enviado nesta quarta-feira (18) \u00e0 Organiza\u00e7\u00e3o Mundial de Sa\u00fade Animal (OMSA).<\/strong><\/p>\n\n\n\n<p>\u201cCom a notifica\u00e7\u00e3o, o pa\u00eds se autodeclara livre da influenza avi\u00e1ria de alta patogenicidade (IAAP)\u201d, informou o minist\u00e9rio.<\/p>\n\n\n<div class=\"wp-block-image\">\n<figure class=\"alignleft size-large is-resized\"><img fetchpriority=\"high\" decoding=\"async\" src=\"https:\/\/www.portalalerta.com.br\/wp-content\/uploads\/2024\/04\/autoescola-emprego-1024x1024.jpg\" alt=\"\" class=\"wp-image-55693\" width=\"435\" height=\"435\" srcset=\"https:\/\/www.portalalerta.com.br\/wp-content\/uploads\/2024\/04\/autoescola-emprego-1024x1024.jpg 1024w, https:\/\/www.portalalerta.com.br\/wp-content\/uploads\/2024\/04\/autoescola-emprego-240x240.jpg 240w, https:\/\/www.portalalerta.com.br\/wp-content\/uploads\/2024\/04\/autoescola-emprego-768x768.jpg 768w, https:\/\/www.portalalerta.com.br\/wp-content\/uploads\/2024\/04\/autoescola-emprego.jpg 1080w\" sizes=\"(max-width: 435px) 100vw, 435px\" \/><\/figure><\/div>\n\n\n<p>O \u00fanico caso confirmado em estabelecimento comercial&nbsp;<a href=\"https:\/\/agenciabrasil.ebc.com.br\/economia\/noticia\/2025-05\/agricultura-confirma-caso-de-gripe-aviaria-em-municipio-do-rs\" target=\"_blank\" rel=\"noreferrer noopener\"><strong>ocorreu em uma granja no munic\u00edpio ga\u00facho de Montenegro<\/strong><\/a>, no dia 16 de maio. A confirma\u00e7\u00e3o da doen\u00e7a foi feita no dia 22 de maio, ap\u00f3s a conclus\u00e3o da desinfec\u00e7\u00e3o da granja contaminada. Conforme previsto em protocolo, foi iniciado, ali, o per\u00edodo de vazio sanit\u00e1rio.<\/p>\n\n\n\n<p><strong>De acordo com o minist\u00e9rio, com o encerramento desse prazo sem novas ocorr\u00eancias, \u201co Brasil concluiu todas as a\u00e7\u00f5es sanit\u00e1rias exigidas, recuperando novamente o status de livre da doen\u00e7a\u201d.<\/strong><br><br><a href=\"https:\/\/www.whatsapp.com\/channel\/0029VaoRTgrInlqYLSk59B2M\" target=\"_blank\" rel=\"noreferrer noopener\"><strong>&gt;&gt; Siga o canal da&nbsp;Ag\u00eancia Brasil&nbsp;no WhatsApp<\/strong><\/a><\/p>\n\n\n\n<p><strong>Notifica\u00e7\u00f5es<\/strong><\/p>\n\n\n\n<p>\u201cN\u00e3o se comemora uma crise, mas \u00e9 preciso reconhecer a robustez do nosso sistema sanit\u00e1rio, que respondeu com total transpar\u00eancia e efici\u00eancia. Seguimos todos os protocolos, contivemos o foco e agora avan\u00e7amos com responsabilidade para uma retomada gradativa do com\u00e9rcio exterior, mostrando a for\u00e7a do servi\u00e7o sanit\u00e1rio brasileiro\u201d, declarou, por meio de nota, o ministro Carlos F\u00e1varo.<\/p>\n\n\n\n<p><strong>Com o fim do per\u00edodo de vazio sanit\u00e1rio, teve in\u00edcio a etapa de notifica\u00e7\u00e3o, pelo minist\u00e9rio, dos pa\u00edses que impuseram restri\u00e7\u00f5es tempor\u00e1rias \u00e0s exporta\u00e7\u00f5es brasileiras de produtos av\u00edcolas.<\/strong>&nbsp;A expectativa \u00e9 de que as rela\u00e7\u00f5es comerciais sejam restabelecidas o mais r\u00e1pido poss\u00edvel.<\/p>\n\n\n\n<p><strong>Doen\u00e7a<\/strong><\/p>\n\n\n\n<p>A influenza avi\u00e1ria, comumente conhecida como gripe avi\u00e1ria, afeta principalmente aves, mas tamb\u00e9m foi detectada em mam\u00edferos, incluindo bovinos.<\/p>\n\n\n\n<p>A transmiss\u00e3o ocorre pelo contato com aves doentes e tamb\u00e9m por meio da \u00e1gua e de materiais contaminados.<\/p>\n\n\n\n<p>A doen\u00e7a raramente afeta humanos, e a orienta\u00e7\u00e3o \u00e9 que as pessoas se mantenham informadas e adotem as medidas preventivas recomendadas.<\/p>\n\n\n\n<p><strong>Segundo o Minist\u00e9rio da Agricultura, carnes e ovos podem ser consumidos com seguran\u00e7a, desde que preparados adequadamente.<\/strong><\/p>\n\n\n\n<p><em>Fonte: Ag\u00eancia Brasil<\/em><\/p>\n","protected":false},"excerpt":{"rendered":"<p>Pa\u00edses que restringiram compras de frango est\u00e3o sendo notificados<\/p>\n","protected":false},"author":2,"featured_media":28474,"comment_status":"open","ping_status":"open","sticky":false,"template":"","format":"standard","meta":{"om_disable_all_campaigns":false,"_monsterinsights_skip_tracking":false,"_monsterinsights_sitenote_active":false,"_monsterinsights_sitenote_note":"","_monsterinsights_sitenote_category":0,"footnotes":""},"categories":[34,70,35,69],"tags":[100,71,48,93,75,4178,4180,129,107,8008,4181,132,230,339,106,203,120,51,109,88,47,111,190],"class_list":["post-72806","post","type-post","status-publish","format-standard","has-post-thumbnail","hentry","category-brasil","category-destaques","category-mundo","category-noticias2","tag-adustina","tag-antas","tag-araci","tag-brasil","tag-cicero-dantas","tag-cipo-2","tag-crisopolis-2","tag-euclides-da-cunha","tag-fatima","tag-gripe-aviaria","tag-heliopolis-2","tag-itapicuru","tag-jeremoabo","tag-mundo","tag-nova-soure","tag-novo-triunfo","tag-olindina","tag-paripiranga","tag-quijingue","tag-ribeira-do-amparo","tag-ribeira-do-pombal","tag-sitio-do-quinto","tag-tucano"],"aioseo_notices":[],"_links":{"self":[{"href":"https:\/\/www.portalalerta.com.br\/index.php\/wp-json\/wp\/v2\/posts\/72806","targetHints":{"allow":["GET"]}}],"collection":[{"href":"https:\/\/www.portalalerta.com.br\/index.php\/wp-json\/wp\/v2\/posts"}],"about":[{"href":"https:\/\/www.portalalerta.com.br\/index.php\/wp-json\/wp\/v2\/types\/post"}],"author":[{"embeddable":true,"href":"https:\/\/www.portalalerta.com.br\/index.php\/wp-json\/wp\/v2\/users\/2"}],"replies":[{"embeddable":true,"href":"https:\/\/www.portalalerta.com.br\/index.php\/wp-json\/wp\/v2\/comments?post=72806"}],"version-history":[{"count":1,"href":"https:\/\/www.portalalerta.com.br\/index.php\/wp-json\/wp\/v2\/posts\/72806\/revisions"}],"predecessor-version":[{"id":72807,"href":"https:\/\/www.portalalerta.com.br\/index.php\/wp-json\/wp\/v2\/posts\/72806\/revisions\/72807"}],"wp:featuredmedia":[{"embeddable":true,"href":"https:\/\/www.portalalerta.com.br\/index.php\/wp-json\/wp\/v2\/media\/28474"}],"wp:attachment":[{"href":"https:\/\/www.portalalerta.com.br\/index.php\/wp-json\/wp\/v2\/media?parent=72806"}],"wp:term":[{"taxonomy":"category","embeddable":true,"href":"https:\/\/www.portalalerta.com.br\/index.php\/wp-json\/wp\/v2\/categories?post=72806"},{"taxonomy":"post_tag","embeddable":true,"href":"https:\/\/www.portalalerta.com.br\/index.php\/wp-json\/wp\/v2\/tags?post=72806"}],"curies":[{"name":"wp","href":"https:\/\/api.w.org\/{rel}","templated":true}]}}