{"id":72808,"date":"2025-06-18T16:51:58","date_gmt":"2025-06-18T19:51:58","guid":{"rendered":"https:\/\/www.portalalerta.com.br\/?p=72808"},"modified":"2025-06-18T23:42:59","modified_gmt":"2025-06-19T02:42:59","slug":"edital-de-convocacao-para-assembleia-geral-extraodinaria-da-associacao-dos-pequenos-produtores-dos-paus-pretos-em-ribeira-do-pombal-ba","status":"publish","type":"post","link":"https:\/\/www.portalalerta.com.br\/index.php\/2025\/06\/18\/edital-de-convocacao-para-assembleia-geral-extraodinaria-da-associacao-dos-pequenos-produtores-dos-paus-pretos-em-ribeira-do-pombal-ba\/","title":{"rendered":"Edital de Convoca\u00e7\u00e3o para Assembleia Geral Extraordin\u00e1ria da Associa\u00e7\u00e3o dos Pequenos Produtores dos Paus Pretos, em Ribeira do Pombal-BA"},"content":{"rendered":"\n<p>A Associa\u00e7\u00e3o dos Pequenos Produtores do Povoado Paus Pretos, zona rural de Ribeira do Pombal-BA, divulgou o Edital de Convoca\u00e7\u00e3o da Assembleia Geral Extraordin\u00e1ria, convidando os associados para tratarem de assuntos de interesse da entidade. A reuni\u00e3o dever\u00e1 acontecer \u00e0s 09h e 10h do pr\u00f3ximo dia 29, na Igreja S\u00e3o Jorge, no Povoado Paus Pretos.<\/p>\n\n\n\n<!--more-->\n\n\n<div class=\"wp-block-image\">\n<figure class=\"alignleft size-large is-resized\"><img decoding=\"async\" src=\"https:\/\/www.portalalerta.com.br\/wp-content\/uploads\/2025\/06\/Real-Sao-Joao-2025-819x1024.jpg\" alt=\"\" class=\"wp-image-72448\" width=\"435\" srcset=\"https:\/\/www.portalalerta.com.br\/wp-content\/uploads\/2025\/06\/Real-Sao-Joao-2025-819x1024.jpg 819w, https:\/\/www.portalalerta.com.br\/wp-content\/uploads\/2025\/06\/Real-Sao-Joao-2025-192x240.jpg 192w, https:\/\/www.portalalerta.com.br\/wp-content\/uploads\/2025\/06\/Real-Sao-Joao-2025-768x960.jpg 768w, https:\/\/www.portalalerta.com.br\/wp-content\/uploads\/2025\/06\/Real-Sao-Joao-2025.jpg 1024w\" sizes=\"(max-width: 819px) 100vw, 819px\" \/><\/figure><\/div>\n\n\n<p><strong>Confira:<\/strong><\/p>\n\n\n\n<p><strong><em>EDITAL DE CONVOCA\u00c7\u00c3O<\/em><\/strong><\/p>\n\n\n\n<p><strong><em>ASSEMBLEIA GERAL EXTRAORDIN\u00c1RIA<\/em><\/strong><\/p>\n\n\n\n<p><strong><em>Associa\u00e7\u00e3o dos Pequenos Produtores dos Paus Pretos, Queimada e Saco Grande. Ribeira do Pombal-BA. CNPJ: 02.250.301\/0001-07.<\/em><\/strong><\/p>\n\n\n\n<p><strong><em>Convidam-se os senhores e senhoras residentes nestas Comunidades e os associados(as) da referida Associa\u00e7\u00e3o a se reunirem em Assembleia Geral Extraordin\u00e1ria, a realizar-se na Igreja S\u00e3o Jorge no Povoado Paus Pretos nesta cidade de Ribeira do Pombal-BA, no dia 29 de junho de 2025, a instalar-se em primeira convoca\u00e7\u00e3o \u00e0s 09:00h. e, em segunda e \u00faltima convoca\u00e7\u00e3o \u00e0s 10h, a fim de deliberarem sobre a seguinte ordem do dia:<\/em><\/strong><\/p>\n\n\n\n<p><strong><em>1- Altera\u00e7\u00e3o Estatut\u00e1ria.<\/em><\/strong><\/p>\n\n\n\n<p><strong><em>2- Elei\u00e7\u00e3o da Diretoria e Conselho Fiscal.<\/em><\/strong><\/p>\n\n\n\n<p><strong><em>3- Outros assuntos de interesse das comunidades.<\/em><\/strong><\/p>\n\n\n\n<p><strong><em>Ribeira do Pombal-BA, 18 de junho de 2025.<\/em><\/strong><\/p>\n\n\n\n<p><strong><em>Jos\u00e9 Domingos Santos<\/em><\/strong><\/p>\n\n\n\n<p><strong><em>Subscritor<\/em><\/strong><\/p>\n","protected":false},"excerpt":{"rendered":"<p>A Associa\u00e7\u00e3o dos Pequenos Produtores do Povoado Paus Pretos, zona rural de Ribeira do Pombal-BA, divulgou o Edital de Convoca\u00e7\u00e3o da Assembleia Geral Extraordin\u00e1ria, convidando os associados para tratarem de assuntos de interesse da entidade. A reuni\u00e3o dever\u00e1 acontecer \u00e0s 09h e 10h do pr\u00f3ximo dia 29, na Igreja S\u00e3o Jorge, no Povoado Paus Pretos.<\/p>\n","protected":false},"author":2,"featured_media":72805,"comment_status":"open","ping_status":"open","sticky":false,"template":"","format":"standard","meta":{"om_disable_all_campaigns":false,"_monsterinsights_skip_tracking":false,"_monsterinsights_sitenote_active":false,"_monsterinsights_sitenote_note":"","_monsterinsights_sitenote_category":0,"footnotes":""},"categories":[70,69,32,3],"tags":[100,71,48,8070,75,45,46,129,107,44,132,230,106,203,120,51,109,88,47,111,190],"class_list":["post-72808","post","type-post","status-publish","format-standard","has-post-thumbnail","hentry","category-destaques","category-noticias2","category-regiao","category-ribeira-do-pombal","tag-adustina","tag-antas","tag-araci","tag-assembleia-geral","tag-cicero-dantas","tag-cipo","tag-crisopolis","tag-euclides-da-cunha","tag-fatima","tag-heliopolis","tag-itapicuru","tag-jeremoabo","tag-nova-soure","tag-novo-triunfo","tag-olindina","tag-paripiranga","tag-quijingue","tag-ribeira-do-amparo","tag-ribeira-do-pombal","tag-sitio-do-quinto","tag-tucano"],"aioseo_notices":[],"_links":{"self":[{"href":"https:\/\/www.portalalerta.com.br\/index.php\/wp-json\/wp\/v2\/posts\/72808","targetHints":{"allow":["GET"]}}],"collection":[{"href":"https:\/\/www.portalalerta.com.br\/index.php\/wp-json\/wp\/v2\/posts"}],"about":[{"href":"https:\/\/www.portalalerta.com.br\/index.php\/wp-json\/wp\/v2\/types\/post"}],"author":[{"embeddable":true,"href":"https:\/\/www.portalalerta.com.br\/index.php\/wp-json\/wp\/v2\/users\/2"}],"replies":[{"embeddable":true,"href":"https:\/\/www.portalalerta.com.br\/index.php\/wp-json\/wp\/v2\/comments?post=72808"}],"version-history":[{"count":2,"href":"https:\/\/www.portalalerta.com.br\/index.php\/wp-json\/wp\/v2\/posts\/72808\/revisions"}],"predecessor-version":[{"id":72817,"href":"https:\/\/www.portalalerta.com.br\/index.php\/wp-json\/wp\/v2\/posts\/72808\/revisions\/72817"}],"wp:featuredmedia":[{"embeddable":true,"href":"https:\/\/www.portalalerta.com.br\/index.php\/wp-json\/wp\/v2\/media\/72805"}],"wp:attachment":[{"href":"https:\/\/www.portalalerta.com.br\/index.php\/wp-json\/wp\/v2\/media?parent=72808"}],"wp:term":[{"taxonomy":"category","embeddable":true,"href":"https:\/\/www.portalalerta.com.br\/index.php\/wp-json\/wp\/v2\/categories?post=72808"},{"taxonomy":"post_tag","embeddable":true,"href":"https:\/\/www.portalalerta.com.br\/index.php\/wp-json\/wp\/v2\/tags?post=72808"}],"curies":[{"name":"wp","href":"https:\/\/api.w.org\/{rel}","templated":true}]}}