{"id":72810,"date":"2025-06-18T16:55:21","date_gmt":"2025-06-18T19:55:21","guid":{"rendered":"https:\/\/www.portalalerta.com.br\/?p=72810"},"modified":"2025-06-18T16:55:24","modified_gmt":"2025-06-18T19:55:24","slug":"apos-divulgacao-do-inquerito-da-abin-paralela-bolsonaro-diz-ser-o-mais-perseguido-do-pais","status":"publish","type":"post","link":"https:\/\/www.portalalerta.com.br\/index.php\/2025\/06\/18\/apos-divulgacao-do-inquerito-da-abin-paralela-bolsonaro-diz-ser-o-mais-perseguido-do-pais\/","title":{"rendered":"Ap\u00f3s divulga\u00e7\u00e3o do inqu\u00e9rito da \u2018Abin paralela\u2019, Bolsonaro diz ser \u2018o mais perseguido\u2019 do pa\u00eds"},"content":{"rendered":"\n<p><strong>Fontes da corpora\u00e7\u00e3o afirmam que ex-presidente teve envolvimento no caso e teria integrado organiza\u00e7\u00e3o criminosa<\/strong><\/p>\n\n\n\n<!--more-->\n\n\n\n<p><strong>Ap\u00f3s o indiciamento de uma s\u00e9rie de aliados pela Pol\u00edcia Federal no inqu\u00e9rito sobre a \u201c<a href=\"https:\/\/noticias.r7.com\/brasilia\/ramagem-diz-que-documento-com-ataques-as-urnas-era-anotacao-privada-09062025\/\">Abin (<\/a><a href=\"https:\/\/noticias.r7.com\/brasilia\/ramagem-diz-que-documento-com-ataques-as-urnas-era-anotacao-privada-09062025\/\">Ag\u00eancia Brasileira de Intelig\u00eancia<\/a><a href=\"https:\/\/noticias.r7.com\/brasilia\/ramagem-diz-que-documento-com-ataques-as-urnas-era-anotacao-privada-09062025\/\">)<\/a>&nbsp;paralela\u201c, que investiga o uso do \u00f3rg\u00e3o para a espionagem de opositores, o ex-presidente Jair Bolsonaro afirmou ser o \u201cmais perseguido\u201d do Brasil.<\/strong><\/p>\n\n\n\n<p><strong>\u201cEu duvido quem no Brasil foi mais perseguido do que eu. Mas vale a pena. N\u00f3s temos que enfrentar os desafios, n\u00f3s mexemos com o sistema. Um sistema podre, carcomido. Mostramos a voc\u00eas o que \u00e9 o Brasil\u201d, disse Bolsonaro.<\/strong><\/p>\n\n\n\n<p><strong>A fala ocorreu nesta ter\u00e7a-feira (17) em um evento em Presidente Prudente (SP), ao lado de pol\u00edticos como o governador de S\u00e3o Paulo, Tarc\u00edsio de Freitas (Republicanos), e o secret\u00e1rio de Governo, Gilberto Kassab.<\/strong><\/p>\n\n\n\n<p><strong>A&nbsp;<a href=\"https:\/\/record.r7.com\/domingo-espetacular\/video\/policia-descobre-que-cantora-controlava-organizacao-criminosa-internacional-ligada-ao-trafico-16062025\/\">Pol\u00edcia Federal<\/a>&nbsp;indiciou mais de 30 pessoas suspeitas de usar a estrutura da&nbsp;<a href=\"https:\/\/noticias.r7.com\/brasilia\/ramagem-diz-que-documento-com-ataques-as-urnas-era-anotacao-privada-09062025\/\">Abin<\/a>&nbsp;para espionar inimigos pol\u00edticos de Bolsonaro. O relat\u00f3rio foi entregue ao&nbsp;<a href=\"https:\/\/noticias.r7.com\/brasil\/stf\/\">STF (Supremo Tribunal Federal)<\/a>.<\/strong><\/p>\n\n\n\n<p><strong>Segundo fontes da corpora\u00e7\u00e3o, o ex-presidente teve envolvimento no caso e teria integrado uma organiza\u00e7\u00e3o criminosa, mas Bolsonaro n\u00e3o foi indiciado porque j\u00e1 responde pelo crime na a\u00e7\u00e3o penal da&nbsp;<a href=\"https:\/\/noticias.r7.com\/brasilia\/acareacao-entre-mauro-cid-e-braga-netto-sera-em-24-de-junho-decide-moraes-17062025\/\">tentativa de golpe de Estado<\/a>.<\/strong><\/p>\n\n\n\n<p><strong>Assim como Bolsonaro, n\u00e3o foram indiciados o deputado Alexandre Ramagem (PL-RJ), que na \u00e9poca dirigia a Abin, o policial federal Marcelo Ara\u00fajo Bormevet e o subtenente do Ex\u00e9rcito Giancarlo Gomes Rodrigues. Os tr\u00eas s\u00e3o r\u00e9us no STF por envolvimento no plano de golpe de Estado e respondem por organiza\u00e7\u00e3o criminosa.<\/strong><\/p>\n\n\n\n<p><strong>Durante o evento desta ter\u00e7a, o ex-presidente tamb\u00e9m fez compara\u00e7\u00f5es com o governo do presidente Luiz In\u00e1cio Lula da Silva.<\/strong><\/p>\n\n\n\n<p><strong>\u201cD\u00e1 para comparar Paulo Guedes com [Fernando] Haddad? Renan Filho com Tarc\u00edsio? D\u00e1 para comparar [a primeira-dama] Janja com a Michelle [Bolsonaro]?\u201d, questionou.<\/strong><\/p>\n\n\n\n<p><strong>A PF aponta que houve \u201cconluio\u201d entre a atual gest\u00e3o da Abin e a dire\u00e7\u00e3o anterior para evitar que monitoramentos ilegais viessem a p\u00fablico.<\/strong><\/p>\n\n\n\n<p><strong>Segundo o inqu\u00e9rito, o \u00f3rg\u00e3o foi aparelhado por um esquema de espionagem ilegal para atender a interesses pol\u00edticos e pessoais de Bolsonaro e integrantes de sua fam\u00edlia.<\/strong><\/p>\n\n\n\n<p><strong>Em outubro de 2023, foi deflagrada pela PF a Opera\u00e7\u00e3o \u00daltima Milha. O nome da opera\u00e7\u00e3o faz refer\u00eancia ao software \u201cespi\u00e3o\u201d First Mile. Segundo a investiga\u00e7\u00e3o, o programa foi utilizado 60 mil vezes pela Abin entre 2019 e 2023, com um pico de acessos em 2020, ano de elei\u00e7\u00f5es municipais.<\/strong><\/p>\n\n\n\n<p><strong>Em janeiro de 2024, os endere\u00e7os de Alexandre Ramagem foram alvos de busca e apreens\u00e3o na Opera\u00e7\u00e3o Vigil\u00e2ncia Aproximada.<\/strong><\/p>\n\n\n\n<p><em>Fonte: R7<\/em><\/p>\n","protected":false},"excerpt":{"rendered":"<p>Fontes da corpora\u00e7\u00e3o afirmam que ex-presidente teve envolvimento no caso e teria integrado organiza\u00e7\u00e3o criminosa<\/p>\n","protected":false},"author":2,"featured_media":32829,"comment_status":"open","ping_status":"open","sticky":false,"template":"","format":"standard","meta":{"om_disable_all_campaigns":false,"_monsterinsights_skip_tracking":false,"_monsterinsights_sitenote_active":false,"_monsterinsights_sitenote_note":"","_monsterinsights_sitenote_category":0,"footnotes":""},"categories":[34,70,69,21],"tags":[416,100,71,48,93,75,4178,4180,129,107,4181,132,1395,230,106,203,120,51,2377,199,109,88,47,111,190],"class_list":["post-72810","post","type-post","status-publish","format-standard","has-post-thumbnail","hentry","category-brasil","category-destaques","category-noticias2","category-politica","tag-abin","tag-adustina","tag-antas","tag-araci","tag-brasil","tag-cicero-dantas","tag-cipo-2","tag-crisopolis-2","tag-euclides-da-cunha","tag-fatima","tag-heliopolis-2","tag-itapicuru","tag-jair-bolsonaro","tag-jeremoabo","tag-nova-soure","tag-novo-triunfo","tag-olindina","tag-paripiranga","tag-perseguicao","tag-politica","tag-quijingue","tag-ribeira-do-amparo","tag-ribeira-do-pombal","tag-sitio-do-quinto","tag-tucano"],"aioseo_notices":[],"_links":{"self":[{"href":"https:\/\/www.portalalerta.com.br\/index.php\/wp-json\/wp\/v2\/posts\/72810","targetHints":{"allow":["GET"]}}],"collection":[{"href":"https:\/\/www.portalalerta.com.br\/index.php\/wp-json\/wp\/v2\/posts"}],"about":[{"href":"https:\/\/www.portalalerta.com.br\/index.php\/wp-json\/wp\/v2\/types\/post"}],"author":[{"embeddable":true,"href":"https:\/\/www.portalalerta.com.br\/index.php\/wp-json\/wp\/v2\/users\/2"}],"replies":[{"embeddable":true,"href":"https:\/\/www.portalalerta.com.br\/index.php\/wp-json\/wp\/v2\/comments?post=72810"}],"version-history":[{"count":1,"href":"https:\/\/www.portalalerta.com.br\/index.php\/wp-json\/wp\/v2\/posts\/72810\/revisions"}],"predecessor-version":[{"id":72811,"href":"https:\/\/www.portalalerta.com.br\/index.php\/wp-json\/wp\/v2\/posts\/72810\/revisions\/72811"}],"wp:featuredmedia":[{"embeddable":true,"href":"https:\/\/www.portalalerta.com.br\/index.php\/wp-json\/wp\/v2\/media\/32829"}],"wp:attachment":[{"href":"https:\/\/www.portalalerta.com.br\/index.php\/wp-json\/wp\/v2\/media?parent=72810"}],"wp:term":[{"taxonomy":"category","embeddable":true,"href":"https:\/\/www.portalalerta.com.br\/index.php\/wp-json\/wp\/v2\/categories?post=72810"},{"taxonomy":"post_tag","embeddable":true,"href":"https:\/\/www.portalalerta.com.br\/index.php\/wp-json\/wp\/v2\/tags?post=72810"}],"curies":[{"name":"wp","href":"https:\/\/api.w.org\/{rel}","templated":true}]}}