{"id":7284,"date":"2018-05-16T23:14:04","date_gmt":"2018-05-17T02:14:04","guid":{"rendered":"http:\/\/www.portalalerta.com.br\/?p=7284"},"modified":"2018-05-16T23:14:04","modified_gmt":"2018-05-17T02:14:04","slug":"tucano-ba-bell-marques-sera-uma-das-atracoes-do-sao-joao-de-caldas-do-jorro","status":"publish","type":"post","link":"https:\/\/www.portalalerta.com.br\/index.php\/2018\/05\/16\/tucano-ba-bell-marques-sera-uma-das-atracoes-do-sao-joao-de-caldas-do-jorro\/","title":{"rendered":"Tucano-BA: Bell Marques ser\u00e1 uma das atra\u00e7\u00f5es do S\u00e3o Jo\u00e3o de Caldas do Jorro"},"content":{"rendered":"<p style=\"text-align: justify;\">Foi publicada no Di\u00e1rio Oficial do Munic\u00edpio desta segunda-feira (14), a confirma\u00e7\u00e3o da contrata\u00e7\u00e3o para o \u201cArrai\u00e1 das \u00c1guas Quentes\u201d, como \u00e9 conhecido o S\u00e3o Jo\u00e3o em Caldas do Jorro, Tucano-BA.<!--more--><\/p>\n<p style=\"text-align: justify;\"><img decoding=\"async\" class=\"size-full wp-image-2814 alignleft\" src=\"http:\/\/www.portalalerta.com.br\/wp-content\/uploads\/2017\/11\/banner9.png\" alt=\"\" width=\"270\" height=\"174\" srcset=\"https:\/\/www.portalalerta.com.br\/wp-content\/uploads\/2017\/11\/banner9.png 270w, https:\/\/www.portalalerta.com.br\/wp-content\/uploads\/2017\/11\/banner9-227x146.png 227w, https:\/\/www.portalalerta.com.br\/wp-content\/uploads\/2017\/11\/banner9-50x32.png 50w, https:\/\/www.portalalerta.com.br\/wp-content\/uploads\/2017\/11\/banner9-116x75.png 116w\" sizes=\"(max-width: 270px) 100vw, 270px\" \/>\u00a0A rela\u00e7\u00e3o completa de artistas dos festejos juninos ser\u00e1 anunciada na pr\u00f3xima quinta-feira (17). Bell tocar\u00e1 no dia 21 de junho e receber\u00e1 R$200 mil pelo show.<\/p>\n<p style=\"text-align: justify;\"><em>\u00a0Fonte: A Voz do Campo<\/em><\/p>\n","protected":false},"excerpt":{"rendered":"<p>Foi publicada no Di\u00e1rio Oficial do Munic\u00edpio desta segunda-feira (14), a confirma\u00e7\u00e3o da contrata\u00e7\u00e3o para o \u201cArrai\u00e1 das \u00c1guas Quentes\u201d, como \u00e9 conhecido o S\u00e3o Jo\u00e3o em Caldas do Jorro, Tucano-BA.<\/p>\n","protected":false},"author":2,"featured_media":7285,"comment_status":"closed","ping_status":"open","sticky":false,"template":"","format":"standard","meta":{"om_disable_all_campaigns":false,"_monsterinsights_skip_tracking":false,"_monsterinsights_sitenote_active":false,"_monsterinsights_sitenote_note":"","_monsterinsights_sitenote_category":0,"footnotes":""},"categories":[70,36,69,32,12],"tags":[1084,389,779,1071,190],"class_list":["post-7284","post","type-post","status-publish","format-standard","has-post-thumbnail","hentry","category-destaques","category-lazer","category-noticias2","category-regiao","category-tucano","tag-arraia-das-aguas-quentes","tag-caldas-do-jorro","tag-festa-junina","tag-sao-joao","tag-tucano"],"aioseo_notices":[],"_links":{"self":[{"href":"https:\/\/www.portalalerta.com.br\/index.php\/wp-json\/wp\/v2\/posts\/7284","targetHints":{"allow":["GET"]}}],"collection":[{"href":"https:\/\/www.portalalerta.com.br\/index.php\/wp-json\/wp\/v2\/posts"}],"about":[{"href":"https:\/\/www.portalalerta.com.br\/index.php\/wp-json\/wp\/v2\/types\/post"}],"author":[{"embeddable":true,"href":"https:\/\/www.portalalerta.com.br\/index.php\/wp-json\/wp\/v2\/users\/2"}],"replies":[{"embeddable":true,"href":"https:\/\/www.portalalerta.com.br\/index.php\/wp-json\/wp\/v2\/comments?post=7284"}],"version-history":[{"count":0,"href":"https:\/\/www.portalalerta.com.br\/index.php\/wp-json\/wp\/v2\/posts\/7284\/revisions"}],"wp:featuredmedia":[{"embeddable":true,"href":"https:\/\/www.portalalerta.com.br\/index.php\/wp-json\/wp\/v2\/media\/7285"}],"wp:attachment":[{"href":"https:\/\/www.portalalerta.com.br\/index.php\/wp-json\/wp\/v2\/media?parent=7284"}],"wp:term":[{"taxonomy":"category","embeddable":true,"href":"https:\/\/www.portalalerta.com.br\/index.php\/wp-json\/wp\/v2\/categories?post=7284"},{"taxonomy":"post_tag","embeddable":true,"href":"https:\/\/www.portalalerta.com.br\/index.php\/wp-json\/wp\/v2\/tags?post=7284"}],"curies":[{"name":"wp","href":"https:\/\/api.w.org\/{rel}","templated":true}]}}