{"id":7294,"date":"2018-05-16T23:55:19","date_gmt":"2018-05-17T02:55:19","guid":{"rendered":"http:\/\/www.portalalerta.com.br\/?p=7294"},"modified":"2018-05-16T23:55:19","modified_gmt":"2018-05-17T02:55:19","slug":"uma-pessoa-morreu-e-outra-ficou-ferida-em-grave-acidente-em-cicero-dantas-ba","status":"publish","type":"post","link":"https:\/\/www.portalalerta.com.br\/index.php\/2018\/05\/16\/uma-pessoa-morreu-e-outra-ficou-ferida-em-grave-acidente-em-cicero-dantas-ba\/","title":{"rendered":"Uma pessoa morreu e outra ficou ferida em grave acidente, em C\u00edcero Dantas-BA"},"content":{"rendered":"<p style=\"text-align: justify;\">Na noite de domingo (13\/05) por volta das 19:00hs, um motociclista que transitava pela BR 110, sentido C\u00edcero Dantas\/ Ribeira do Pombal, colidiu frontalmente com um carro que seguia sentido contr\u00e1rio. Com o impacto o carro pegou fogo. O fato aconteceu em frente a um Posto de Combust\u00edveis.<!--more--><\/p>\n<p style=\"text-align: justify;\">\nO motociclista, conhecido como Binho, morador do Povoado Tijuco em Heli\u00f3polis\/BA, foi arremessado a v\u00e1rios metros de dist\u00e2ncia n\u00e3o resistindo aos ferimentos, tendo o seu \u00f3bito confirmado no local. J\u00e1 o motorista do outro carro, foi socorrido para o Hospital Geral Santa Tereza, onde n\u00e3o teve o seu estado de sa\u00fade divulgado.<\/p>\n<p><img fetchpriority=\"high\" decoding=\"async\" class=\"size-full wp-image-2867 aligncenter\" src=\"http:\/\/www.portalalerta.com.br\/wp-content\/uploads\/2017\/11\/protege-1.jpg\" alt=\"\" width=\"600\" height=\"140\" \/>Policiais Rodovi\u00e1rios Federais foram at\u00e9 o local, onde lavraram o Registro do Acidente de Tr\u00e2nsito, bem como sinalizou o local.<\/p>\n<p style=\"text-align: justify;\">\nEsta \u00e9 a segunda vitima de acidente com motocicleta esse m\u00eas no munic\u00edpio. No ultimo final de semana um rapaz conhecido por Marcelinho foi encontrado sem vida, na estrada que liga a sede do munic\u00edpio ao povoado Bet\u00e2nia.<\/p>\n<p style=\"text-align: justify;\"><strong><br \/>\n<\/strong><em>Fonte: C\u00edcero Dantas Acontece <\/em><\/p>\n","protected":false},"excerpt":{"rendered":"<p>Na noite de domingo (13\/05) por volta das 19:00hs, um motociclista que transitava pela BR 110, sentido C\u00edcero Dantas\/ Ribeira do Pombal, colidiu frontalmente com um carro que seguia sentido contr\u00e1rio. Com o impacto o carro pegou fogo. O fato aconteceu em frente a um Posto de Combust\u00edveis.<\/p>\n","protected":false},"author":2,"featured_media":7297,"comment_status":"closed","ping_status":"open","sticky":false,"template":"","format":"standard","meta":{"om_disable_all_campaigns":false,"_monsterinsights_skip_tracking":false,"_monsterinsights_sitenote_active":false,"_monsterinsights_sitenote_note":"","_monsterinsights_sitenote_category":0,"footnotes":""},"categories":[4,70,69,32,22],"tags":[166,126,75,299,151,169],"class_list":["post-7294","post","type-post","status-publish","format-standard","has-post-thumbnail","hentry","category-cicero-dantas","category-destaques","category-noticias2","category-regiao","category-seguranca","tag-acidente","tag-br-110","tag-cicero-dantas","tag-ferido","tag-hgst","tag-morte"],"aioseo_notices":[],"_links":{"self":[{"href":"https:\/\/www.portalalerta.com.br\/index.php\/wp-json\/wp\/v2\/posts\/7294","targetHints":{"allow":["GET"]}}],"collection":[{"href":"https:\/\/www.portalalerta.com.br\/index.php\/wp-json\/wp\/v2\/posts"}],"about":[{"href":"https:\/\/www.portalalerta.com.br\/index.php\/wp-json\/wp\/v2\/types\/post"}],"author":[{"embeddable":true,"href":"https:\/\/www.portalalerta.com.br\/index.php\/wp-json\/wp\/v2\/users\/2"}],"replies":[{"embeddable":true,"href":"https:\/\/www.portalalerta.com.br\/index.php\/wp-json\/wp\/v2\/comments?post=7294"}],"version-history":[{"count":0,"href":"https:\/\/www.portalalerta.com.br\/index.php\/wp-json\/wp\/v2\/posts\/7294\/revisions"}],"wp:featuredmedia":[{"embeddable":true,"href":"https:\/\/www.portalalerta.com.br\/index.php\/wp-json\/wp\/v2\/media\/7297"}],"wp:attachment":[{"href":"https:\/\/www.portalalerta.com.br\/index.php\/wp-json\/wp\/v2\/media?parent=7294"}],"wp:term":[{"taxonomy":"category","embeddable":true,"href":"https:\/\/www.portalalerta.com.br\/index.php\/wp-json\/wp\/v2\/categories?post=7294"},{"taxonomy":"post_tag","embeddable":true,"href":"https:\/\/www.portalalerta.com.br\/index.php\/wp-json\/wp\/v2\/tags?post=7294"}],"curies":[{"name":"wp","href":"https:\/\/api.w.org\/{rel}","templated":true}]}}