{"id":72952,"date":"2025-06-24T22:57:38","date_gmt":"2025-06-25T01:57:38","guid":{"rendered":"https:\/\/www.portalalerta.com.br\/?p=72952"},"modified":"2025-06-24T22:57:40","modified_gmt":"2025-06-25T01:57:40","slug":"juliana-marins-e-resgatada-sem-vida-quatro-dias-apos-queda-em-trilha-na-indonesia","status":"publish","type":"post","link":"https:\/\/www.portalalerta.com.br\/index.php\/2025\/06\/24\/juliana-marins-e-resgatada-sem-vida-quatro-dias-apos-queda-em-trilha-na-indonesia\/","title":{"rendered":"Juliana Marins \u00e9 resgatada sem vida quatro dias ap\u00f3s queda em trilha na Indon\u00e9sia"},"content":{"rendered":"\n<p><strong>Jovem de 26 anos n\u00e3o resistiu aos ferimentos ap\u00f3s quatro dias no local; fam\u00edlia agradece apoio recebido durante as buscas<\/strong><\/p>\n\n\n\n<!--more-->\n\n\n<div class=\"wp-block-image\">\n<figure class=\"alignleft size-large is-resized\"><img fetchpriority=\"high\" decoding=\"async\" src=\"https:\/\/www.portalalerta.com.br\/wp-content\/uploads\/2024\/04\/autoescola-emprego-1024x1024.jpg\" alt=\"\" class=\"wp-image-55693\" width=\"435\" height=\"435\" srcset=\"https:\/\/www.portalalerta.com.br\/wp-content\/uploads\/2024\/04\/autoescola-emprego-1024x1024.jpg 1024w, https:\/\/www.portalalerta.com.br\/wp-content\/uploads\/2024\/04\/autoescola-emprego-240x240.jpg 240w, https:\/\/www.portalalerta.com.br\/wp-content\/uploads\/2024\/04\/autoescola-emprego-768x768.jpg 768w, https:\/\/www.portalalerta.com.br\/wp-content\/uploads\/2024\/04\/autoescola-emprego.jpg 1080w\" sizes=\"(max-width: 435px) 100vw, 435px\" \/><\/figure><\/div>\n\n\n<p><strong>Juliana Marins, brasileira de 26 anos que estava desaparecida desde o \u00faltimo s\u00e1bado (21) ap\u00f3s cair em um penhasco durante uma trilha no Monte Rinjani, na Indon\u00e9sia, foi encontrada sem vida nesta ter\u00e7a-feira (24). A informa\u00e7\u00e3o foi confirmada pela fam\u00edlia por meio de uma publica\u00e7\u00e3o nas redes sociais.<\/strong><\/p>\n\n\n\n<p><strong>\u201cHoje, a equipe de resgate conseguiu chegar at\u00e9 o local onde Juliana Marins estava. Com imensa tristeza, informamos que ela n\u00e3o resistiu. Seguimos muito gratos por todas as ora\u00e7\u00f5es, mensagens de carinho e apoio que temos recebido\u201d, diz a nota.<\/strong><\/p>\n\n\n\n<p><strong>Juliana, natural de Niter\u00f3i (RJ), fazia uma trilha guiada quando sofreu a queda em uma \u00e1rea de dif\u00edcil acesso. Desde ent\u00e3o, mais de 50 socorristas se revezavam em equipes para tentar alcan\u00e7\u00e1-la, utilizando drones, cordas e at\u00e9 equipamentos pesados para abrir passagem na encosta do vulc\u00e3o.<\/strong><\/p>\n\n\n\n<p><strong>O caso comoveu o pa\u00eds e mobilizou uma corrente de solidariedade nas redes sociais. A fam\u00edlia agora aguarda os tr\u00e2mites para o traslado do corpo ao Brasil.<\/strong><\/p>\n\n\n\n<p><em>Fonte: Metro 1<\/em><\/p>\n","protected":false},"excerpt":{"rendered":"<p>Jovem de 26 anos n\u00e3o resistiu aos ferimentos ap\u00f3s quatro dias no local; fam\u00edlia agradece apoio recebido durante as buscas<\/p>\n","protected":false},"author":2,"featured_media":72945,"comment_status":"open","ping_status":"open","sticky":false,"template":"","format":"standard","meta":{"om_disable_all_campaigns":false,"_monsterinsights_skip_tracking":false,"_monsterinsights_sitenote_active":false,"_monsterinsights_sitenote_note":"","_monsterinsights_sitenote_category":0,"footnotes":""},"categories":[34,70,35,69],"tags":[100,71,48,93,75,4178,4180,129,107,4181,1647,132,230,169,106,203,120,51,109,88,47,111,190],"class_list":["post-72952","post","type-post","status-publish","format-standard","has-post-thumbnail","hentry","category-brasil","category-destaques","category-mundo","category-noticias2","tag-adustina","tag-antas","tag-araci","tag-brasil","tag-cicero-dantas","tag-cipo-2","tag-crisopolis-2","tag-euclides-da-cunha","tag-fatima","tag-heliopolis-2","tag-indonesia","tag-itapicuru","tag-jeremoabo","tag-morte","tag-nova-soure","tag-novo-triunfo","tag-olindina","tag-paripiranga","tag-quijingue","tag-ribeira-do-amparo","tag-ribeira-do-pombal","tag-sitio-do-quinto","tag-tucano"],"aioseo_notices":[],"_links":{"self":[{"href":"https:\/\/www.portalalerta.com.br\/index.php\/wp-json\/wp\/v2\/posts\/72952","targetHints":{"allow":["GET"]}}],"collection":[{"href":"https:\/\/www.portalalerta.com.br\/index.php\/wp-json\/wp\/v2\/posts"}],"about":[{"href":"https:\/\/www.portalalerta.com.br\/index.php\/wp-json\/wp\/v2\/types\/post"}],"author":[{"embeddable":true,"href":"https:\/\/www.portalalerta.com.br\/index.php\/wp-json\/wp\/v2\/users\/2"}],"replies":[{"embeddable":true,"href":"https:\/\/www.portalalerta.com.br\/index.php\/wp-json\/wp\/v2\/comments?post=72952"}],"version-history":[{"count":1,"href":"https:\/\/www.portalalerta.com.br\/index.php\/wp-json\/wp\/v2\/posts\/72952\/revisions"}],"predecessor-version":[{"id":72953,"href":"https:\/\/www.portalalerta.com.br\/index.php\/wp-json\/wp\/v2\/posts\/72952\/revisions\/72953"}],"wp:featuredmedia":[{"embeddable":true,"href":"https:\/\/www.portalalerta.com.br\/index.php\/wp-json\/wp\/v2\/media\/72945"}],"wp:attachment":[{"href":"https:\/\/www.portalalerta.com.br\/index.php\/wp-json\/wp\/v2\/media?parent=72952"}],"wp:term":[{"taxonomy":"category","embeddable":true,"href":"https:\/\/www.portalalerta.com.br\/index.php\/wp-json\/wp\/v2\/categories?post=72952"},{"taxonomy":"post_tag","embeddable":true,"href":"https:\/\/www.portalalerta.com.br\/index.php\/wp-json\/wp\/v2\/tags?post=72952"}],"curies":[{"name":"wp","href":"https:\/\/api.w.org\/{rel}","templated":true}]}}